{"id":2657,"date":"2021-07-11T19:07:52","date_gmt":"2021-07-11T23:07:52","guid":{"rendered":"https:\/\/webdealta.info\/?p=2657"},"modified":"2021-07-11T19:07:58","modified_gmt":"2021-07-11T23:07:58","slug":"covid-19-un-fallecido-y-12-hospitalizados","status":"publish","type":"post","link":"https:\/\/webdealta.info\/?p=2657","title":{"rendered":"Covid-19: un fallecido y 12 hospitalizados"},"content":{"rendered":"\n<p>Amanda Saldivia.-<\/p>\n\n\n\n<p>Un hombre de 52 a\u00f1os de edad, quien estaba recluido en la sala de aislamiento del hospital Dr. Jos\u00e9 Francisco Torrealba de Altagracia de Orituco, Gu\u00e1rico, falleci\u00f3 este domingo 11 de julio con s\u00edntomas asociados al virus covid-19.<\/p>\n\n\n\n<p>De acuerdo a los datos extraoficiales a los cuales tuvo acceso la Web de Altagracia, al cierre de la semana epidemiol\u00f3gica n\u00famero 27 hay siete pacientes en la sala de aislamiento del hospital, dos en el \u00e1rea de Triaje de ese mismo centro, dos en la Policl\u00ednica y uno en el Centro M\u00e9dico Orituco.<\/p>\n\n\n\n<p>Por otra parte, tenemos reportes de personas mayores de 60 a\u00f1os a quienes les llega el mensaje del sistema Patria con la cita a vacunarse en San Juan de los Morros, pero las condiciones econ\u00f3micas no est\u00e1n dadas para trasladarse, ya que el pasaje est\u00e1 cinco d\u00f3lares y sobrepasa la capacidad de las familias m\u00e1s vulnerables.<\/p>\n\n\n\n<p>Adicionalmente, trascendi\u00f3 que este lunes 12 de julio comienza el plan de inmunizaci\u00f3n contra el covid-19 en Altagracia, pero con la vacuna Vero Cell de la compa\u00f1\u00eda farmac\u00e9utica Sinovac Life Sciences (China), la cual est\u00e1 indicada para los menores de 60 a\u00f1os.<\/p>\n\n\n\n<p>La jornada, seg\u00fan lo informado por el equipo de salud, ser\u00e1 en la cancha La Cuman\u00e1 de Altagracia, ubicada en la calle Chapaiguana, y solo atender\u00e1n a las personas que hayan recibido el mensaje de texto indicando que ser\u00e1n vacunadas, motivo por el cual recomiendan hacerlo al 74224, con el n\u00famero de c\u00e9dula de identidad, el cual tambi\u00e9n les servir\u00e1 de registro.<\/p>\n\n\n\n<p>Infociudadanos han reportado que al enviar el mensaje reciben una respuesta autom\u00e1tica que dice: \u201cactualmente no tienes agendada una cita para colocarte la vacuna. Hemos registrado tu solicitud para la pr\u00f3xima convocatoria\u201d.<\/p>\n\n\n\n<p>@amandasaldivia <\/p>\n\n\n\n<p><\/p>\n","protected":false},"excerpt":{"rendered":"<p>Amanda Saldivia.- Un hombre de 52 a\u00f1os de edad, quien estaba recluido en la sala de aislamiento del hospital Dr. Jos\u00e9 Francisco Torrealba de Altagracia de Orituco, Gu\u00e1rico, falleci\u00f3 este domingo 11 de julio con s\u00edntomas asociados al virus covid-19. De acuerdo a los datos extraoficiales a los cuales tuvo<\/p>\n","protected":false},"author":2,"featured_media":2658,"comment_status":"open","ping_status":"open","sticky":false,"template":"","format":"standard","meta":{"advanced_seo_description":"","jetpack_seo_html_title":"","jetpack_seo_noindex":false,"_jetpack_memberships_contains_paid_content":false,"footnotes":"","jetpack_publicize_message":"","jetpack_publicize_feature_enabled":true,"jetpack_social_post_already_shared":true,"jetpack_social_options":{"image_generator_settings":{"template":"highway","enabled":false},"version":2}},"categories":[195],"tags":[8,137,32],"class_list":["post-2657","post","type-post","status-publish","format-standard","has-post-thumbnail","hentry","category-covid-19","tag-altagraciadeorituco","tag-covid-19","tag-webdealta",""],"jetpack_publicize_connections":[],"jetpack_featured_media_url":"https:\/\/webdealta.info\/wp-content\/uploads\/2021\/07\/webdealta-cvodi-19-semana-27.png","jetpack_sharing_enabled":true,"jetpack_likes_enabled":true,"jetpack-related-posts":[],"jetpack_shortlink":"https:\/\/wp.me\/pcseDn-GR","_links":{"self":[{"href":"https:\/\/webdealta.info\/index.php?rest_route=\/wp\/v2\/posts\/2657","targetHints":{"allow":["GET"]}}],"collection":[{"href":"https:\/\/webdealta.info\/index.php?rest_route=\/wp\/v2\/posts"}],"about":[{"href":"https:\/\/webdealta.info\/index.php?rest_route=\/wp\/v2\/types\/post"}],"author":[{"embeddable":true,"href":"https:\/\/webdealta.info\/index.php?rest_route=\/wp\/v2\/users\/2"}],"replies":[{"embeddable":true,"href":"https:\/\/webdealta.info\/index.php?rest_route=%2Fwp%2Fv2%2Fcomments&post=2657"}],"version-history":[{"count":1,"href":"https:\/\/webdealta.info\/index.php?rest_route=\/wp\/v2\/posts\/2657\/revisions"}],"predecessor-version":[{"id":2659,"href":"https:\/\/webdealta.info\/index.php?rest_route=\/wp\/v2\/posts\/2657\/revisions\/2659"}],"wp:featuredmedia":[{"embeddable":true,"href":"https:\/\/webdealta.info\/index.php?rest_route=\/wp\/v2\/media\/2658"}],"wp:attachment":[{"href":"https:\/\/webdealta.info\/index.php?rest_route=%2Fwp%2Fv2%2Fmedia&parent=2657"}],"wp:term":[{"taxonomy":"category","embeddable":true,"href":"https:\/\/webdealta.info\/index.php?rest_route=%2Fwp%2Fv2%2Fcategories&post=2657"},{"taxonomy":"post_tag","embeddable":true,"href":"https:\/\/webdealta.info\/index.php?rest_route=%2Fwp%2Fv2%2Ftags&post=2657"}],"curies":[{"name":"wp","href":"https:\/\/api.w.org\/{rel}","templated":true}]}}