{"id":2641,"date":"2021-07-07T21:35:32","date_gmt":"2021-07-08T01:35:32","guid":{"rendered":"https:\/\/webdealta.info\/?p=2641"},"modified":"2021-07-07T21:35:34","modified_gmt":"2021-07-08T01:35:34","slug":"otra-vez-se-quemo-el-motor-del-acueducto-de-lezama","status":"publish","type":"post","link":"https:\/\/webdealta.info\/?p=2641","title":{"rendered":"Otra vez se quem\u00f3 el motor del acueducto de Lezama"},"content":{"rendered":"\n<p>Amanda Saldivia.-<\/p>\n\n\n\n<p>T\u00e9cnicos de Hidrop\u00e1ez confirmaron, en la tarde de este mi\u00e9rcoles siete de julio, que se quem\u00f3 el motor sumergible del acueducto que surte a m\u00e1s de 900 familias de la poblaci\u00f3n de Lezama, municipio Monagas, estado Gu\u00e1rico.<\/p>\n\n\n\n<p>La informaci\u00f3n fue suministrada por Gabriel Ybarra, presidente de la Fundaci\u00f3n Solidarios con Lezama, Fundasolez, quien junto al resto de los integrantes de esta organizaci\u00f3n conformada por habitantes de esa poblaci\u00f3n guarique\u00f1a, han estado en labores de seguimiento y acompa\u00f1amiento desde que se present\u00f3 la aver\u00eda el pasado lunes cinco de julio, fecha en la cual el sistema dej\u00f3 de funcionar.<\/p>\n\n\n\n<p>Explic\u00f3 Ybarra que ese d\u00eda \u201cen horas de la ma\u00f1ana, cuando realizaban las maniobras correspondientes para la puesta en marcha del sistema no se logr\u00f3 la operatividad por fallas en los equipos sumergibles, quedando suspendido por completo el bombeo y distribuci\u00f3n de agua a los distintos sectores de nuestra poblaci\u00f3n\u201d, lo que motiv\u00f3 a activar las gestiones para la revisi\u00f3n de los distintos componentes.<\/p>\n\n\n\n<p>Agreg\u00f3 que la informaci\u00f3n que manejan por medio de los t\u00e9cnicos encargados del acueducto \u201ces que hasta el d\u00eda domingo el sistema trabaj\u00f3 en completa normalidad, solo se observ\u00f3 que el cableado que se sumerge hasta el motor ven\u00eda presentando inconvenientes\u201d y se presume que la aver\u00eda est\u00e9 relacionada con el hecho de que estos cables no fueron sustituidos cuando se instal\u00f3 el motor, la bomba y la tuber\u00eda en el pozo en noviembre de 2020.<\/p>\n\n\n\n<p>Precis\u00f3 que la tarde de este mi\u00e9rcoles \u201clos t\u00e9cnicos de\u00a0 Hidrop\u00e1ez estuvieron en el acueducto, ya que ellos son los encargados de dar los diagn\u00f3sticos y arroj\u00f3 que el motor se quem\u00f3, situaci\u00f3n que ya fue reportada a San Juan de los Morros y ma\u00f1ana se tiene previsto la extracci\u00f3n del equipo, para de esta forma coordinar las acciones en cuanto a las posibles soluciones\u00bb.<\/p>\n\n\n\n<p>Por \u00faltimo, el presidente de Fundasolez agradeci\u00f3 el apoyo de los t\u00e9cnicos de Corpoelec, porque se trasladaron a la zona a los fines de \u201cconstatar que los equipos instalados en el banco de transformadores y el tablero est\u00e1n en perfecto estado y descartar que sea por causa de esos componentes la falla\u201d.<\/p>\n\n\n\n<p>@amandasaldivia<\/p>\n\n\n\n<p><\/p>\n","protected":false},"excerpt":{"rendered":"<p>Amanda Saldivia.- T\u00e9cnicos de Hidrop\u00e1ez confirmaron, en la tarde de este mi\u00e9rcoles siete de julio, que se quem\u00f3 el motor sumergible del acueducto que surte a m\u00e1s de 900 familias de la poblaci\u00f3n de Lezama, municipio Monagas, estado Gu\u00e1rico. La informaci\u00f3n fue suministrada por Gabriel Ybarra, presidente de la Fundaci\u00f3n<\/p>\n","protected":false},"author":2,"featured_media":2642,"comment_status":"open","ping_status":"open","sticky":false,"template":"","format":"standard","meta":{"advanced_seo_description":"","jetpack_seo_html_title":"","jetpack_seo_noindex":false,"_jetpack_memberships_contains_paid_content":false,"footnotes":"","jetpack_publicize_message":"","jetpack_publicize_feature_enabled":true,"jetpack_social_post_already_shared":true,"jetpack_social_options":{"image_generator_settings":{"template":"highway","enabled":false},"version":2}},"categories":[21],"tags":[37,32],"class_list":["post-2641","post","type-post","status-publish","format-standard","has-post-thumbnail","hentry","category-agua-potable","tag-lezama","tag-webdealta",""],"jetpack_publicize_connections":[],"jetpack_featured_media_url":"https:\/\/webdealta.info\/wp-content\/uploads\/2021\/07\/acueducto-webdealta-lezama-1.jpg","jetpack_sharing_enabled":true,"jetpack_likes_enabled":true,"jetpack-related-posts":[],"jetpack_shortlink":"https:\/\/wp.me\/pcseDn-GB","_links":{"self":[{"href":"https:\/\/webdealta.info\/index.php?rest_route=\/wp\/v2\/posts\/2641","targetHints":{"allow":["GET"]}}],"collection":[{"href":"https:\/\/webdealta.info\/index.php?rest_route=\/wp\/v2\/posts"}],"about":[{"href":"https:\/\/webdealta.info\/index.php?rest_route=\/wp\/v2\/types\/post"}],"author":[{"embeddable":true,"href":"https:\/\/webdealta.info\/index.php?rest_route=\/wp\/v2\/users\/2"}],"replies":[{"embeddable":true,"href":"https:\/\/webdealta.info\/index.php?rest_route=%2Fwp%2Fv2%2Fcomments&post=2641"}],"version-history":[{"count":1,"href":"https:\/\/webdealta.info\/index.php?rest_route=\/wp\/v2\/posts\/2641\/revisions"}],"predecessor-version":[{"id":2643,"href":"https:\/\/webdealta.info\/index.php?rest_route=\/wp\/v2\/posts\/2641\/revisions\/2643"}],"wp:featuredmedia":[{"embeddable":true,"href":"https:\/\/webdealta.info\/index.php?rest_route=\/wp\/v2\/media\/2642"}],"wp:attachment":[{"href":"https:\/\/webdealta.info\/index.php?rest_route=%2Fwp%2Fv2%2Fmedia&parent=2641"}],"wp:term":[{"taxonomy":"category","embeddable":true,"href":"https:\/\/webdealta.info\/index.php?rest_route=%2Fwp%2Fv2%2Fcategories&post=2641"},{"taxonomy":"post_tag","embeddable":true,"href":"https:\/\/webdealta.info\/index.php?rest_route=%2Fwp%2Fv2%2Ftags&post=2641"}],"curies":[{"name":"wp","href":"https:\/\/api.w.org\/{rel}","templated":true}]}}