{"id":2605,"date":"2021-07-03T17:51:50","date_gmt":"2021-07-03T21:51:50","guid":{"rendered":"https:\/\/webdealta.info\/?p=2605"},"modified":"2021-07-03T17:51:52","modified_gmt":"2021-07-03T21:51:52","slug":"digas-guarico-atendio-a-mas-de-7000-familias-en-altagracia","status":"publish","type":"post","link":"https:\/\/webdealta.info\/?p=2605","title":{"rendered":"Digas Gu\u00e1rico atendi\u00f3 a m\u00e1s de 7000 familias en Altagracia"},"content":{"rendered":"\n<p>Amanda Saldivia.-<\/p>\n\n\n\n<p>El general Jos\u00e9 Dionicio Goncalvez, presidente de Digas Gu\u00e1rico, decidi\u00f3 extender un d\u00edas m\u00e1s la jornada de venta de gas dom\u00e9stico en Altagracia de Orituco, en virtud del retraso que hay en el despacho a las comunidades a trav\u00e9s de los Comit\u00e9s de Abastecimiento y Producci\u00f3n CLAP.<\/p>\n\n\n\n<figure class=\"wp-block-image size-large\"><img decoding=\"async\" src=\"https:\/\/webdealta.info\/wp-content\/uploads\/2021\/07\/General-Goncalvez-webdealta-1-1024x546.jpg\" alt=\"\" class=\"wp-image-2608\"\/><figcaption>General Jos\u00e9 Dionicio Goncalvez, presidente de Digas Gu\u00e1rico.<\/figcaption><\/figure>\n\n\n\n<p>En declaraciones ofrecidas en la ma\u00f1ana de este s\u00e1bado tres de julio, al equipo de la Web de Altagracia, dijo que lleg\u00f3 \u201cla cuarta gandola al municipio Jos\u00e9 Tadeo Monagas y estimamos con esa carga atender a m\u00e1s de 7 mil familias, entre los Clap y las personas que se acercaron al Centro de Trabajo\u201d.<\/p>\n\n\n\n<p>Precis\u00f3 que hasta la ma\u00f1ana del s\u00e1bado hab\u00edan atendido a 23 Clap y estiman otros 10, porque la intenci\u00f3n es \u201cdarle un impulso a esto y esperamos volver entre 15 a 21 d\u00edas nuevamente, para entonces saturar al municipio que tiene una gran cantidad de densidad poblacional y que lo necesita, por eso estamos utilizando esta estrategia y lo haremos las veces que sea necesario\u201d.<\/p>\n\n\n\n<p>Igualmente se\u00f1al\u00f3 que hubo la atenci\u00f3n especial a 60 personas con discapacidad como aporte social de la empresa y que la planta m\u00f3vil de la cual disponen tiene la posibilidad de llenar cualquier tipo de cilindro, raz\u00f3n por la cual est\u00e1n aceptando independientemente de si es troquel privado o del gobierno, incluso de otros estados.<\/p>\n\n\n\n<p>Al preguntarle sobre las denuncias que ha recibido en torno al cobro del flete, recomend\u00f3 a los l\u00edderes del Clap \u00a0que busquen en la misma comunidad para abaratar el precio, porque \u201ca veces el flete es m\u00e1s caro que el precio del cilindro\u201d y entiende que los vecinos se quejen.<\/p>\n\n\n\n<p>Por otra parte, anunci\u00f3 que est\u00e1n ubicando un local m\u00e1s c\u00e9ntrico donde puedan disponer de un punto de venta, para facilitar el acceso de los ciudadanos a la hora de efectuar el pago, ya que solo se puede hacer por transferencia o en efectivo, a excepci\u00f3n de las jornadas especiales como la llevada a cabo desde el jueves primero de julio, en la cual se habilit\u00f3 un punto inal\u00e1mbrico de la empresa.<\/p>\n\n\n\n<p>Es importante precisar que hay dos precios para la venta del gas dom\u00e9stico a trav\u00e9s de Digas Gu\u00e1rico. El subsidiado a los Clap cuyos precios son 1.320.000 bol\u00edvares el cilindro de 10 Kg, 2.400.000 el de 18 Kg y 10.280.000 el de 43 kilogramos; mientras los mismos directamente en el Centro de Trabajo son a 3.200.000, 6.400.000, y 16.100.000 bol\u00edvares, respectivamente, con una variaci\u00f3n cada 25 d\u00edas de acuerdo a la fluctuaci\u00f3n del Petro.<\/p>\n\n\n\n<p>A las afueras del Centro de Trabajo se observ\u00f3 la presencia de los integrantes de los Clap y un n\u00famero importante de personas en fila que esperaban ser atendidas.<\/p>\n\n\n\n<p>@amandasaldivia<\/p>\n\n\n\n<p><\/p>\n","protected":false},"excerpt":{"rendered":"<p>Amanda Saldivia.- El general Jos\u00e9 Dionicio Goncalvez, presidente de Digas Gu\u00e1rico, decidi\u00f3 extender un d\u00edas m\u00e1s la jornada de venta de gas dom\u00e9stico en Altagracia de Orituco, en virtud del retraso que hay en el despacho a las comunidades a trav\u00e9s de los Comit\u00e9s de Abastecimiento y Producci\u00f3n CLAP. En<\/p>\n","protected":false},"author":2,"featured_media":2606,"comment_status":"open","ping_status":"open","sticky":false,"template":"","format":"standard","meta":{"advanced_seo_description":"","jetpack_seo_html_title":"","jetpack_seo_noindex":false,"_jetpack_memberships_contains_paid_content":false,"footnotes":"","jetpack_publicize_message":"","jetpack_publicize_feature_enabled":true,"jetpack_social_post_already_shared":true,"jetpack_social_options":{"image_generator_settings":{"template":"highway","enabled":false},"version":2}},"categories":[22],"tags":[7],"class_list":["post-2605","post","type-post","status-publish","format-standard","has-post-thumbnail","hentry","category-gas-domestico","tag-guarico",""],"jetpack_publicize_connections":[],"jetpack_featured_media_url":"https:\/\/webdealta.info\/wp-content\/uploads\/2021\/07\/colas-del-gas-webdealta.jpg","jetpack_sharing_enabled":true,"jetpack_likes_enabled":true,"jetpack-related-posts":[],"jetpack_shortlink":"https:\/\/wp.me\/pcseDn-G1","_links":{"self":[{"href":"https:\/\/webdealta.info\/index.php?rest_route=\/wp\/v2\/posts\/2605","targetHints":{"allow":["GET"]}}],"collection":[{"href":"https:\/\/webdealta.info\/index.php?rest_route=\/wp\/v2\/posts"}],"about":[{"href":"https:\/\/webdealta.info\/index.php?rest_route=\/wp\/v2\/types\/post"}],"author":[{"embeddable":true,"href":"https:\/\/webdealta.info\/index.php?rest_route=\/wp\/v2\/users\/2"}],"replies":[{"embeddable":true,"href":"https:\/\/webdealta.info\/index.php?rest_route=%2Fwp%2Fv2%2Fcomments&post=2605"}],"version-history":[{"count":1,"href":"https:\/\/webdealta.info\/index.php?rest_route=\/wp\/v2\/posts\/2605\/revisions"}],"predecessor-version":[{"id":2609,"href":"https:\/\/webdealta.info\/index.php?rest_route=\/wp\/v2\/posts\/2605\/revisions\/2609"}],"wp:featuredmedia":[{"embeddable":true,"href":"https:\/\/webdealta.info\/index.php?rest_route=\/wp\/v2\/media\/2606"}],"wp:attachment":[{"href":"https:\/\/webdealta.info\/index.php?rest_route=%2Fwp%2Fv2%2Fmedia&parent=2605"}],"wp:term":[{"taxonomy":"category","embeddable":true,"href":"https:\/\/webdealta.info\/index.php?rest_route=%2Fwp%2Fv2%2Fcategories&post=2605"},{"taxonomy":"post_tag","embeddable":true,"href":"https:\/\/webdealta.info\/index.php?rest_route=%2Fwp%2Fv2%2Ftags&post=2605"}],"curies":[{"name":"wp","href":"https:\/\/api.w.org\/{rel}","templated":true}]}}