{"id":2569,"date":"2021-06-29T15:25:19","date_gmt":"2021-06-29T19:25:19","guid":{"rendered":"https:\/\/webdealta.info\/?p=2569"},"modified":"2021-06-29T15:25:21","modified_gmt":"2021-06-29T19:25:21","slug":"paro-de-transporte-obligado-por-falta-de-combustible","status":"publish","type":"post","link":"https:\/\/webdealta.info\/?p=2569","title":{"rendered":"Paro de transporte \u201cobligado\u201d por falta de combustible"},"content":{"rendered":"\n<p>Amanda Saldivia.-<\/p>\n\n\n\n<p>Todas las l\u00edneas del transporte colectivo del municipio Monagas, Gu\u00e1rico, decidieron paralizar actividades hasta nuevo aviso, como medida de presi\u00f3n para que les otorguen mayor cantidad de combustible, tanto gasolina como di\u00e9sel, porque consideran que no est\u00e1n recibiendo el trato priorizado que les corresponde.<\/p>\n\n\n\n<p>En declaraciones ofrecidas a la Web de Altagracia, Jonny M\u00e9ndez, presidente de la l\u00ednea Hermanos Unidos, explic\u00f3 que se requieren aproximadamente 2000 litros de di\u00e9sel diarios en la semana radical y entre 3000 y 4000 mil en la semana flexible para prestar el servicio tambi\u00e9n en las rutas a San Juan, Caracas, Puerto La Cruz y Valle de la Pascua\u201d, lo que a su juicio amerita que se haga una redistribuci\u00f3n del combustible para tener claro, cu\u00e1l es el cupo asignado y que nos \u201ctengan a la deriva, que llega el combustible y no sabemos a cu\u00e1ntas unidades surtir\u00e1n\u201d.<\/p>\n\n\n\n<p>Por su parte Alexis Barahona, presidente del Frente de Transportistas del municipio Monagas, dijo que la paralizaci\u00f3n es \u201cobligada\u201d y pidi\u00f3 disculpas a los usuarios, al tiempo que solicit\u00f3 una reuni\u00f3n con las autoridades para definir el cupo al sector transporte, porque considera que no est\u00e1n recibiendo un trato justo.<\/p>\n\n\n\n<p>Aprovech\u00f3 para elevar la propuesta de habilitar el surtidor de gas vehicular de la estaci\u00f3n de servicios Orituco, porque las largas colas en la Urimare, demuestran que el parque automotor migr\u00f3 a este tipo de combustible y es necesario disminuir el tiempo en cola, para facilitar la actividad del transporte colectivo, productores y particulares.<\/p>\n\n\n\n<p>Tambi\u00e9n ofreci\u00f3 declaraciones a este medio digital Rosa Hern\u00e1ndez, presidenta de la l\u00ednea Valles del Tuy, quien dej\u00f3 claro que se une a la petici\u00f3n de sus compa\u00f1eros, porque tienen las mismas dificultades con el acceso al combustible y considera que no les reconocen la funci\u00f3n social que ellos prestan, como lo es el traslado gratuito a San Juan de los Morros, tres veces a la semana, de 14 pacientes renales.<\/p>\n\n\n\n<p>Precis\u00f3 que en oportunidades, los choferes tienen que comprar di\u00e9sel \u201cbachaqueado\u201d para poder cumplir con esta labor social, pero de seguir este trato hacia el gremio, se ver\u00e1n en la obligaci\u00f3n de suspender este servicio y que sea el gobierno el que asuma la responsabilidad directa del traslado de los pacientes renales.<\/p>\n\n\n\n<p>Al momento de recoger las declaraciones de estos tres dirigentes, estaba presente Carlos Salas, director de Transporte de la alcald\u00eda del municipio Monagas, quien dijo que \u201cdesde hace alg\u00fan tiempo los transportistas tienen algunas incomodidades y quieren plante\u00e1rselas directamente al capit\u00e1n Brixio Urdaneta y recibi\u00f3 la instrucci\u00f3n por parte de la alcaldesa Tania Sierra de facilitar la conversaci\u00f3n, pero no he obtenido respuesta\u201d.<\/p>\n\n\n\n<p>@amandasaldivia<\/p>\n\n\n\n<p><\/p>\n","protected":false},"excerpt":{"rendered":"<p>Amanda Saldivia.- Todas las l\u00edneas del transporte colectivo del municipio Monagas, Gu\u00e1rico, decidieron paralizar actividades hasta nuevo aviso, como medida de presi\u00f3n para que les otorguen mayor cantidad de combustible, tanto gasolina como di\u00e9sel, porque consideran que no est\u00e1n recibiendo el trato priorizado que les corresponde. En declaraciones ofrecidas a<\/p>\n","protected":false},"author":2,"featured_media":2571,"comment_status":"open","ping_status":"open","sticky":false,"template":"","format":"standard","meta":{"advanced_seo_description":"","jetpack_seo_html_title":"","jetpack_seo_noindex":false,"_jetpack_memberships_contains_paid_content":false,"footnotes":"","jetpack_publicize_message":"","jetpack_publicize_feature_enabled":true,"jetpack_social_post_already_shared":true,"jetpack_social_options":{"image_generator_settings":{"template":"highway","enabled":false},"version":2}},"categories":[73],"tags":[7],"class_list":["post-2569","post","type-post","status-publish","format-standard","has-post-thumbnail","hentry","category-transporte-colectivo","tag-guarico",""],"jetpack_publicize_connections":[],"jetpack_featured_media_url":"https:\/\/webdealta.info\/wp-content\/uploads\/2021\/06\/Paro-de-transporte-webdealta-29-de-junio-2.jpg","jetpack_sharing_enabled":true,"jetpack_likes_enabled":true,"jetpack-related-posts":[],"jetpack_shortlink":"https:\/\/wp.me\/pcseDn-Fr","_links":{"self":[{"href":"https:\/\/webdealta.info\/index.php?rest_route=\/wp\/v2\/posts\/2569","targetHints":{"allow":["GET"]}}],"collection":[{"href":"https:\/\/webdealta.info\/index.php?rest_route=\/wp\/v2\/posts"}],"about":[{"href":"https:\/\/webdealta.info\/index.php?rest_route=\/wp\/v2\/types\/post"}],"author":[{"embeddable":true,"href":"https:\/\/webdealta.info\/index.php?rest_route=\/wp\/v2\/users\/2"}],"replies":[{"embeddable":true,"href":"https:\/\/webdealta.info\/index.php?rest_route=%2Fwp%2Fv2%2Fcomments&post=2569"}],"version-history":[{"count":1,"href":"https:\/\/webdealta.info\/index.php?rest_route=\/wp\/v2\/posts\/2569\/revisions"}],"predecessor-version":[{"id":2572,"href":"https:\/\/webdealta.info\/index.php?rest_route=\/wp\/v2\/posts\/2569\/revisions\/2572"}],"wp:featuredmedia":[{"embeddable":true,"href":"https:\/\/webdealta.info\/index.php?rest_route=\/wp\/v2\/media\/2571"}],"wp:attachment":[{"href":"https:\/\/webdealta.info\/index.php?rest_route=%2Fwp%2Fv2%2Fmedia&parent=2569"}],"wp:term":[{"taxonomy":"category","embeddable":true,"href":"https:\/\/webdealta.info\/index.php?rest_route=%2Fwp%2Fv2%2Fcategories&post=2569"},{"taxonomy":"post_tag","embeddable":true,"href":"https:\/\/webdealta.info\/index.php?rest_route=%2Fwp%2Fv2%2Ftags&post=2569"}],"curies":[{"name":"wp","href":"https:\/\/api.w.org\/{rel}","templated":true}]}}