{"id":2518,"date":"2021-06-28T09:28:48","date_gmt":"2021-06-28T13:28:48","guid":{"rendered":"https:\/\/webdealta.info\/?p=2518"},"modified":"2021-06-28T09:28:50","modified_gmt":"2021-06-28T13:28:50","slug":"reliquia-del-beato-en-la-parroquia-san-jose-obrero","status":"publish","type":"post","link":"https:\/\/webdealta.info\/?p=2518","title":{"rendered":"Reliquia del Beato en la parroquia San Jos\u00e9 Obrero"},"content":{"rendered":"\n<p>Amanda Saldivia.-<\/p>\n\n\n\n<p>Desde el pasado s\u00e1bado 26 de junio la reliquia del Beato Dr. Jos\u00e9 Gregorio Hern\u00e1ndez est\u00e1 en la parroquia San Jos\u00e9 Obrero, tras ser entregada por el equipo de la iglesia Nuestra Se\u00f1ora de Altagracia, en un emotivo acto que incluy\u00f3 el traslado en un carruaje halado por un caballo.<\/p>\n\n\n\n<p>La creatividad en torno a la fe que profesan por el \u201cM\u00e9dico de los Pobres\u201d, ha estado de manifiesto y el pasado s\u00e1bado hab\u00eda calles abordadas por d\u00f3nde estaba previsto el recorrido entre ambas parroquias eclesi\u00e1sticas de Altagracia de Orituco, Gu\u00e1rico.<\/p>\n\n\n\n<p>Ni el apag\u00f3n el\u00e9ctrico, que fue justo antes de los actos del traslado de la reliquia y que se prolong\u00f3 hasta pasada las nueve de la noche, impidi\u00f3 que se resaltara la devoci\u00f3n por este insigne m\u00e9dico venezolano, cuya causa dur\u00f3 m\u00e1s de 70 a\u00f1os, hasta que fue elevado a los altares como Beato el 30 de abril de este a\u00f1o 2021.<\/p>\n\n\n\n<p>Durante toda la semana se cumplir\u00e1n actividades en la iglesia San Jos\u00e9 Obrero, adem\u00e1s de la peregrinaci\u00f3n de la reliquia, como la celebrada este domingo 27 de junio en la Casa Canaria de Altagracia, donde hubo una Santa Misa.<\/p>\n\n\n\n<p>El padre Luis M\u00e1rquez, gu\u00eda espiritual de la parroquia San Jos\u00e9 Obrero comparti\u00f3 con la Web de Altagracia la programaci\u00f3n que cumplir\u00e1n hasta el domingo 4 de julio, fecha en la cual entregar\u00e1n la reliquia al equipo pastoral de Nuestra Se\u00f1ora de los Dolores de Camoruco:<\/p>\n\n\n\n<p>Lunes 28<\/p>\n\n\n\n<p>7:00 a.m Oraci\u00f3n Matutina<\/p>\n\n\n\n<p>8:00 a.m, sector Las Mayitas<\/p>\n\n\n\n<p>10:30 a.m Encuentro con los ni\u00f1os de Catequesis. Templo Parroquial.<\/p>\n\n\n\n<p>4:00 p.m Brisas del Orituco<\/p>\n\n\n\n<p>6:00 p.m Brisas del Pe\u00f1\u00f3n.<\/p>\n\n\n\n<p>Martes 29: 102 a\u00f1os de la muerte del Beato.<\/p>\n\n\n\n<p>7:00 a.m. Oraci\u00f3n matutina.<\/p>\n\n\n\n<p>8:00 a.m Encuentro con los agentes de Pastoral<\/p>\n\n\n\n<p>10:00 a.m Hospital Dr. Jos\u00e9 Francisco Torrealba.<\/p>\n\n\n\n<p>4:00 p.m Sector Vista Alegre<\/p>\n\n\n\n<p>6:00 p.m Sector Tricentenario III y IV<\/p>\n\n\n\n<p>Mi\u00e9rcoles 30<\/p>\n\n\n\n<p>7:00 a.m Oraci\u00f3n matutina<\/p>\n\n\n\n<p>8:00 a.m Sector Banco Obrero<\/p>\n\n\n\n<p>10:00 a.m IPASME<\/p>\n\n\n\n<p>11:00 a.m Casa Hogar Madre Candelaria. Encuentro con las Seguidoras de Madre Candelaria.<\/p>\n\n\n\n<p>4:00 p.m Sector La Cuman\u00e1<\/p>\n\n\n\n<p>6:00 p.m Sector Los G\u00fcires.<\/p>\n\n\n\n<p>Jueves 01<\/p>\n\n\n\n<p>7:00 a.m Oraci\u00f3n matutina<\/p>\n\n\n\n<p>9:00 a.m U.E.C. Ntra. Sra. de Altagracia.<\/p>\n\n\n\n<p>10:30 a.m. Sectores San Carlos y Sim\u00f3n Bol\u00edvar.<\/p>\n\n\n\n<p>12:00 m. Poligu\u00e1rico. Actividad Social.<\/p>\n\n\n\n<p>4:00 p.m Sector San Jos\u00e9<\/p>\n\n\n\n<p>6:00 p.m Sector Tricentenario I<\/p>\n\n\n\n<p>Viernes 02<\/p>\n\n\n\n<p>7:00 a.m Oraci\u00f3n matutina<\/p>\n\n\n\n<p>8:00 a.m Colinas del Orituco parte alta<\/p>\n\n\n\n<p>10:00 a.m Cuerpo de Bomberos Andr\u00e9 Fourneau<\/p>\n\n\n\n<p>4:00 p.m Sector Brisas del Este<\/p>\n\n\n\n<p>6:00 p.m Sector Pueblo Nuevo.<\/p>\n\n\n\n<p>S\u00e1bado 03:<\/p>\n\n\n\n<p>7:00 a.m Oraci\u00f3n matutina<\/p>\n\n\n\n<p>8:30 a.m Sector Colinas del Orituco parte baja (parcelas) Jornada de evangelizaci\u00f3n Olla Solidaria.<\/p>\n\n\n\n<p>4:00 p.m Sacramento de Unci\u00f3n de los enfermos. Templo Parroquial.<\/p>\n\n\n\n<p>6:00 p.m Sector Tricentenario II<\/p>\n\n\n\n<p>8:30 p.m Noche de fe y bendiciones. Vigilia festiva.<\/p>\n\n\n\n<p>Domingo 04<\/p>\n\n\n\n<p>7:00 a.m Eucarist\u00eda dominical. Clausura de la Visita de la Reliquia.<\/p>\n\n\n\n<p>8:30 a.m Entrega de la Reliquia a la Parroquia Ntra. Sra. de los Dolores.<\/p>\n\n\n\n<p>@amandasaldivia <\/p>\n\n\n\n<p><\/p>\n","protected":false},"excerpt":{"rendered":"<p>Amanda Saldivia.- Desde el pasado s\u00e1bado 26 de junio la reliquia del Beato Dr. Jos\u00e9 Gregorio Hern\u00e1ndez est\u00e1 en la parroquia San Jos\u00e9 Obrero, tras ser entregada por el equipo de la iglesia Nuestra Se\u00f1ora de Altagracia, en un emotivo acto que incluy\u00f3 el traslado en un carruaje halado por<\/p>\n","protected":false},"author":2,"featured_media":2519,"comment_status":"open","ping_status":"open","sticky":false,"template":"","format":"standard","meta":{"advanced_seo_description":"","jetpack_seo_html_title":"","jetpack_seo_noindex":false,"_jetpack_memberships_contains_paid_content":false,"footnotes":"","jetpack_publicize_message":"","jetpack_publicize_feature_enabled":true,"jetpack_social_post_already_shared":true,"jetpack_social_options":{"image_generator_settings":{"template":"highway","enabled":false},"version":2}},"categories":[42],"tags":[8,246,7,32],"class_list":["post-2518","post","type-post","status-publish","format-standard","has-post-thumbnail","hentry","category-iglesia-catolica","tag-altagraciadeorituco","tag-beatojosegregoriohernandez","tag-guarico","tag-webdealta",""],"jetpack_publicize_connections":[],"jetpack_featured_media_url":"https:\/\/webdealta.info\/wp-content\/uploads\/2021\/06\/beato-webdealta-1.jpg","jetpack_sharing_enabled":true,"jetpack_likes_enabled":true,"jetpack-related-posts":[],"jetpack_shortlink":"https:\/\/wp.me\/pcseDn-EC","_links":{"self":[{"href":"https:\/\/webdealta.info\/index.php?rest_route=\/wp\/v2\/posts\/2518","targetHints":{"allow":["GET"]}}],"collection":[{"href":"https:\/\/webdealta.info\/index.php?rest_route=\/wp\/v2\/posts"}],"about":[{"href":"https:\/\/webdealta.info\/index.php?rest_route=\/wp\/v2\/types\/post"}],"author":[{"embeddable":true,"href":"https:\/\/webdealta.info\/index.php?rest_route=\/wp\/v2\/users\/2"}],"replies":[{"embeddable":true,"href":"https:\/\/webdealta.info\/index.php?rest_route=%2Fwp%2Fv2%2Fcomments&post=2518"}],"version-history":[{"count":1,"href":"https:\/\/webdealta.info\/index.php?rest_route=\/wp\/v2\/posts\/2518\/revisions"}],"predecessor-version":[{"id":2520,"href":"https:\/\/webdealta.info\/index.php?rest_route=\/wp\/v2\/posts\/2518\/revisions\/2520"}],"wp:featuredmedia":[{"embeddable":true,"href":"https:\/\/webdealta.info\/index.php?rest_route=\/wp\/v2\/media\/2519"}],"wp:attachment":[{"href":"https:\/\/webdealta.info\/index.php?rest_route=%2Fwp%2Fv2%2Fmedia&parent=2518"}],"wp:term":[{"taxonomy":"category","embeddable":true,"href":"https:\/\/webdealta.info\/index.php?rest_route=%2Fwp%2Fv2%2Fcategories&post=2518"},{"taxonomy":"post_tag","embeddable":true,"href":"https:\/\/webdealta.info\/index.php?rest_route=%2Fwp%2Fv2%2Ftags&post=2518"}],"curies":[{"name":"wp","href":"https:\/\/api.w.org\/{rel}","templated":true}]}}