{"id":2512,"date":"2021-06-27T21:49:32","date_gmt":"2021-06-28T01:49:32","guid":{"rendered":"https:\/\/webdealta.info\/?p=2512"},"modified":"2021-06-27T21:50:04","modified_gmt":"2021-06-28T01:50:04","slug":"falta-de-informacion-sobre-apagon-alimenta-rumores","status":"publish","type":"post","link":"https:\/\/webdealta.info\/?p=2512","title":{"rendered":"Falta de informaci\u00f3n sobre apag\u00f3n alimenta rumores"},"content":{"rendered":"\n<p>Amanda Saldivia.-<\/p>\n\n\n\n<p>Ya pasaron m\u00e1s de 24 horas del apag\u00f3n registrado este s\u00e1bado 26 de junio y no hay un informe oficial sobre la causa, sino el mensaje de la gerencia regional que dec\u00eda \u201cpersonal de Corpoelec realiza maniobras para restablecer el servicio el\u00e9ctrico en los sectores de las parroquias Altagracia, Macaira y Lezama del municipio Monagas en el estado Gu\u00e1rico\u201d, adem\u00e1s de otro que especificaba que fue restablecido el fluido, pero faltaba el circuito Macaira II.<\/p>\n\n\n\n<p>El apag\u00f3n fue a las 3:15 pm del s\u00e1bado y se prolong\u00f3 hasta las 9:17 pm aproximadamente, eso de acuerdo a los reportes de ciudadanos que pertenecen al grupo de WhatsApp Seguridad y Servicios P\u00fablicos Altagracia, en el cual est\u00e1n vecinos y autoridades de esta regi\u00f3n, entre ellos personal de la gerencia de comunicaci\u00f3n institucional de Corpoelec.<\/p>\n\n\n\n<p>A pesar de que se restableci\u00f3 el servicio, la informaci\u00f3n est\u00e1 incompleta, sobre todo la referida a la causa del evento, lo que da pie a que se generen rumores acerca de una supuesta suspensi\u00f3n de la energ\u00eda por cinco d\u00edas, lo que carece de veracidad, pero es alimentado, porque no se dice cu\u00e1l es el origen de la falla y qu\u00e9 est\u00e1n haciendo para que no se repita.<\/p>\n\n\n\n<p>Al preguntar sobre las causas del apag\u00f3n, hay un total hermetismo y la respuesta es la misma: \u201cno estamos autorizados para suministrar informaci\u00f3n\u201d. El apag\u00f3n de este s\u00e1bado 26 de junio fue el cuarto de este a\u00f1o 2021. El primero fue el cinco de enero, otro el 21 de ese mismo mes, se repiti\u00f3 el cinco de abril y ahora este del 26 de junio.<\/p>\n\n\n\n<p>Lo que se sabe extraoficialmente es que hubo una falla en la subestaci\u00f3n Altagracia y fue necesaria la presencia de personal del \u00e1rea de transmisiones para restablecer el servicio, lo que llev\u00f3 a emitir un segundo comunicado que dec\u00eda: \u201cTras labores ejecutadas por la fuerza trabajadora de Corpoelec, fue restablecido el servicio en los sectores involucrados, excepto los asociados al circuito Macaira II, el personal contin\u00faa en labores para solventar\u201d.<\/p>\n\n\n\n<p>En la sala de redacci\u00f3n de la Web de Altagracia recibimos interrogantes acerca de las causas del apag\u00f3n, como una exigencia de ciudadanos que quieren informaci\u00f3n veraz y por otro lado personas que preguntan si es cierto que habr\u00e1 un corte de energ\u00eda por cinco d\u00edas en esta regi\u00f3n del estado Gu\u00e1rico.<\/p>\n\n\n\n<p>@amandasaldivia<\/p>\n\n\n\n<p><\/p>\n","protected":false},"excerpt":{"rendered":"<p>Amanda Saldivia.- Ya pasaron m\u00e1s de 24 horas del apag\u00f3n registrado este s\u00e1bado 26 de junio y no hay un informe oficial sobre la causa, sino el mensaje de la gerencia regional que dec\u00eda \u201cpersonal de Corpoelec realiza maniobras para restablecer el servicio el\u00e9ctrico en los sectores de las parroquias<\/p>\n","protected":false},"author":2,"featured_media":1269,"comment_status":"open","ping_status":"open","sticky":false,"template":"","format":"standard","meta":{"advanced_seo_description":"","jetpack_seo_html_title":"","jetpack_seo_noindex":false,"_jetpack_memberships_contains_paid_content":false,"footnotes":"","jetpack_publicize_message":"","jetpack_publicize_feature_enabled":true,"jetpack_social_post_already_shared":true,"jetpack_social_options":{"image_generator_settings":{"template":"highway","enabled":false},"version":2}},"categories":[122],"tags":[8,7,123,32],"class_list":["post-2512","post","type-post","status-publish","format-standard","has-post-thumbnail","hentry","category-electricidad","tag-altagraciadeorituco","tag-guarico","tag-sinluz","tag-webdealta",""],"jetpack_publicize_connections":[],"jetpack_featured_media_url":"https:\/\/webdealta.info\/wp-content\/uploads\/2021\/01\/Foto-subestacion-Altagracia.jpg","jetpack_sharing_enabled":true,"jetpack_likes_enabled":true,"jetpack-related-posts":[],"jetpack_shortlink":"https:\/\/wp.me\/pcseDn-Ew","_links":{"self":[{"href":"https:\/\/webdealta.info\/index.php?rest_route=\/wp\/v2\/posts\/2512","targetHints":{"allow":["GET"]}}],"collection":[{"href":"https:\/\/webdealta.info\/index.php?rest_route=\/wp\/v2\/posts"}],"about":[{"href":"https:\/\/webdealta.info\/index.php?rest_route=\/wp\/v2\/types\/post"}],"author":[{"embeddable":true,"href":"https:\/\/webdealta.info\/index.php?rest_route=\/wp\/v2\/users\/2"}],"replies":[{"embeddable":true,"href":"https:\/\/webdealta.info\/index.php?rest_route=%2Fwp%2Fv2%2Fcomments&post=2512"}],"version-history":[{"count":1,"href":"https:\/\/webdealta.info\/index.php?rest_route=\/wp\/v2\/posts\/2512\/revisions"}],"predecessor-version":[{"id":2514,"href":"https:\/\/webdealta.info\/index.php?rest_route=\/wp\/v2\/posts\/2512\/revisions\/2514"}],"wp:featuredmedia":[{"embeddable":true,"href":"https:\/\/webdealta.info\/index.php?rest_route=\/wp\/v2\/media\/1269"}],"wp:attachment":[{"href":"https:\/\/webdealta.info\/index.php?rest_route=%2Fwp%2Fv2%2Fmedia&parent=2512"}],"wp:term":[{"taxonomy":"category","embeddable":true,"href":"https:\/\/webdealta.info\/index.php?rest_route=%2Fwp%2Fv2%2Fcategories&post=2512"},{"taxonomy":"post_tag","embeddable":true,"href":"https:\/\/webdealta.info\/index.php?rest_route=%2Fwp%2Fv2%2Ftags&post=2512"}],"curies":[{"name":"wp","href":"https:\/\/api.w.org\/{rel}","templated":true}]}}