{"id":2450,"date":"2021-06-26T13:25:43","date_gmt":"2021-06-26T17:25:43","guid":{"rendered":"https:\/\/webdealta.info\/?p=2450"},"modified":"2021-06-26T13:25:46","modified_gmt":"2021-06-26T17:25:46","slug":"confusion-en-la-entrega-de-cadaveres","status":"publish","type":"post","link":"https:\/\/webdealta.info\/?p=2450","title":{"rendered":"Confusi\u00f3n en la entrega de cad\u00e1veres"},"content":{"rendered":"\n<p>Amanda Saldivia.-<\/p>\n\n\n\n<p>Francis Garc\u00eda, familiar del se\u00f1or Luis Garc\u00eda de 62 a\u00f1os de edad, quien falleci\u00f3 en la noche del pasado jueves 24 de junio en la sala de aislamiento covid-19 del hospital Dr. Jos\u00e9 Francisco Torrealba de Altagracia de Orituco, Gu\u00e1rico, denunci\u00f3 que le entregaron el cuerpo de otra persona y que la confusi\u00f3n se aclar\u00f3 horas m\u00e1s tarde cuando ellos incluso ya le hab\u00eda dado cristiana sepultura.<\/p>\n\n\n\n<p>Explic\u00f3 que en la ma\u00f1ana del viernes 25 de junio, acudieron a la morgue donde les entregaron el cuerpo sellado de quien se supon\u00eda era el se\u00f1or Luis Garc\u00eda, y de inmediato, como lo contempla el protocolo cuando se trata de pacientes que fallecen en la sala covid, se trasladaron directamente al cementerio municipal, ubicado en la calle Vuelva Caras de Altagracia y lo sepultaron.<\/p>\n\n\n\n<p>Agreg\u00f3 que ese mismo d\u00eda, a las 4:00 pm, es que se enteran de la confusi\u00f3n, porque fueron llamados por el hospital para decirles que les entregaron el cuerpo equivocado. De acuerdo al testimonio de la denunciante, el cad\u00e1ver del se\u00f1or Luis Garc\u00eda fue retirado por una funeraria que procedi\u00f3 con la preparaci\u00f3n tradicional, como se hace en el caso de fallecimientos no vinculados al covid y lo llevaron hasta el sector Pe\u00f1a de Mota donde ser\u00eda velado. Es all\u00ed donde los familiares del otro fallecido se percatan de la equivocaci\u00f3n. <\/p>\n\n\n\n<p>Especific\u00f3 que en la noche de este viernes, los familiares del otro se\u00f1or fallecido sacaron el cad\u00e1ver, que ya ten\u00eda m\u00e1s de cinco horas en la fosa, mientras ellos retiraron el cuerpo del se\u00f1or Luis Garc\u00eda de la morgue este s\u00e1bado para proceder con la inhumaci\u00f3n.<\/p>\n\n\n\n<p>Francis Garc\u00eda, ofreci\u00f3 las declaraciones en horas de la ma\u00f1ana de hoy, con la finalidad de alertar para que casos como estos no se repitan, por el riesgo que corri\u00f3 la otra familia e incluso los trabajadores de la funeraria, quienes manipularon un cuerpo procedente de la sala covid.<\/p>\n\n\n\n<p>@amandasaldivia<\/p>\n\n\n\n<p><\/p>\n","protected":false},"excerpt":{"rendered":"<p>Amanda Saldivia.- Francis Garc\u00eda, familiar del se\u00f1or Luis Garc\u00eda de 62 a\u00f1os de edad, quien falleci\u00f3 en la noche del pasado jueves 24 de junio en la sala de aislamiento covid-19 del hospital Dr. Jos\u00e9 Francisco Torrealba de Altagracia de Orituco, Gu\u00e1rico, denunci\u00f3 que le entregaron el cuerpo de otra<\/p>\n","protected":false},"author":2,"featured_media":2376,"comment_status":"open","ping_status":"open","sticky":false,"template":"","format":"standard","meta":{"advanced_seo_description":"","jetpack_seo_html_title":"","jetpack_seo_noindex":false,"_jetpack_memberships_contains_paid_content":false,"footnotes":"","jetpack_publicize_message":"","jetpack_publicize_feature_enabled":true,"jetpack_social_post_already_shared":true,"jetpack_social_options":{"image_generator_settings":{"template":"highway","enabled":false},"version":2}},"categories":[197],"tags":[8,11,7,32],"class_list":["post-2450","post","type-post","status-publish","format-standard","has-post-thumbnail","hentry","category-denuncia","tag-altagraciadeorituco","tag-covid19","tag-guarico","tag-webdealta",""],"jetpack_publicize_connections":[],"jetpack_featured_media_url":"https:\/\/webdealta.info\/wp-content\/uploads\/2021\/06\/hospital-webdealta-4.jpg","jetpack_sharing_enabled":true,"jetpack_likes_enabled":true,"jetpack-related-posts":[],"jetpack_shortlink":"https:\/\/wp.me\/pcseDn-Dw","_links":{"self":[{"href":"https:\/\/webdealta.info\/index.php?rest_route=\/wp\/v2\/posts\/2450","targetHints":{"allow":["GET"]}}],"collection":[{"href":"https:\/\/webdealta.info\/index.php?rest_route=\/wp\/v2\/posts"}],"about":[{"href":"https:\/\/webdealta.info\/index.php?rest_route=\/wp\/v2\/types\/post"}],"author":[{"embeddable":true,"href":"https:\/\/webdealta.info\/index.php?rest_route=\/wp\/v2\/users\/2"}],"replies":[{"embeddable":true,"href":"https:\/\/webdealta.info\/index.php?rest_route=%2Fwp%2Fv2%2Fcomments&post=2450"}],"version-history":[{"count":1,"href":"https:\/\/webdealta.info\/index.php?rest_route=\/wp\/v2\/posts\/2450\/revisions"}],"predecessor-version":[{"id":2451,"href":"https:\/\/webdealta.info\/index.php?rest_route=\/wp\/v2\/posts\/2450\/revisions\/2451"}],"wp:featuredmedia":[{"embeddable":true,"href":"https:\/\/webdealta.info\/index.php?rest_route=\/wp\/v2\/media\/2376"}],"wp:attachment":[{"href":"https:\/\/webdealta.info\/index.php?rest_route=%2Fwp%2Fv2%2Fmedia&parent=2450"}],"wp:term":[{"taxonomy":"category","embeddable":true,"href":"https:\/\/webdealta.info\/index.php?rest_route=%2Fwp%2Fv2%2Fcategories&post=2450"},{"taxonomy":"post_tag","embeddable":true,"href":"https:\/\/webdealta.info\/index.php?rest_route=%2Fwp%2Fv2%2Ftags&post=2450"}],"curies":[{"name":"wp","href":"https:\/\/api.w.org\/{rel}","templated":true}]}}