{"id":2431,"date":"2021-06-22T10:50:22","date_gmt":"2021-06-22T14:50:22","guid":{"rendered":"https:\/\/webdealta.info\/?p=2431"},"modified":"2021-06-22T10:50:25","modified_gmt":"2021-06-22T14:50:25","slug":"avanza-discusion-del-contrato-colectivo-docente","status":"publish","type":"post","link":"https:\/\/webdealta.info\/?p=2431","title":{"rendered":"Avanza discusi\u00f3n del contrato colectivo docente"},"content":{"rendered":"\n<p>Amanda Saldivia.-<\/p>\n\n\n\n<p>El reconocimiento del 166 por ciento de aumento desde enero de 2020 forma parte de los acuerdos alcanzados con la Onapre, en medio de las negociaciones que mantienen las 17 federaciones sindicales en pro de lograr mejoras sustanciales que permitan dignificar la profesi\u00f3n docentes y con ello viabilizar el regreso a clases en el mes de septiembre.<\/p>\n\n\n\n<p>Eicher Hern\u00e1ndez, Secretario Ejecutivo de Sinteg, afiliado a Fetraense\u00f1anza, en declaraciones ofrecidas este martes se mostr\u00f3 complacido con lo que considera un buen logro, en medio de la lucha sindical de los \u00faltimos a\u00f1os, en la cual el gobierno desconoci\u00f3 la contrataci\u00f3n colectiva, lo que trajo como consecuencia la p\u00e9rdida del poder adquisitivo.<\/p>\n\n\n\n<p>Agreg\u00f3 que se \u201chizo justicia con el reconocimiento del 166 por ciento a partir de esa fecha, de enero de 2020, estamos sentados en la mesa, vienen cosas buenas, vamos a pedir a Dios que todo se haga de manera de justicia laboral paro los docentes y el pa\u00eds\u201d.<\/p>\n\n\n\n<p>Por \u00faltimo, Eicler Hern\u00e1ndez precis\u00f3 que se espera la publicaci\u00f3n de un nuevo tabulador salarial antes del pr\u00f3ximo encuentro entre el gobierno y los representantes de las federaciones que ser\u00e1 el 30 de junio, en el cual aspiran avanzar en otros puntos que est\u00e1n en la propuesta, entre ellos la p\u00f3liza HCM, vacunaci\u00f3n para todo el gremio, seguro funerario y el sistema de bioseguridad.<\/p>\n\n\n\n<p>@amandasaldivia<\/p>\n\n\n\n<p><\/p>\n","protected":false},"excerpt":{"rendered":"<p>Amanda Saldivia.- El reconocimiento del 166 por ciento de aumento desde enero de 2020 forma parte de los acuerdos alcanzados con la Onapre, en medio de las negociaciones que mantienen las 17 federaciones sindicales en pro de lograr mejoras sustanciales que permitan dignificar la profesi\u00f3n docentes y con ello viabilizar<\/p>\n","protected":false},"author":2,"featured_media":1644,"comment_status":"open","ping_status":"open","sticky":false,"template":"","format":"standard","meta":{"advanced_seo_description":"","jetpack_seo_html_title":"","jetpack_seo_noindex":false,"_jetpack_memberships_contains_paid_content":false,"footnotes":"","jetpack_publicize_message":"","jetpack_publicize_feature_enabled":true,"jetpack_social_post_already_shared":true,"jetpack_social_options":{"image_generator_settings":{"template":"highway","enabled":false},"version":2}},"categories":[151],"tags":[8,247,32],"class_list":["post-2431","post","type-post","status-publish","format-standard","has-post-thumbnail","hentry","category-educacion","tag-altagraciadeorituco","tag-contratocolectivo","tag-webdealta",""],"jetpack_publicize_connections":[],"jetpack_featured_media_url":"https:\/\/webdealta.info\/wp-content\/uploads\/2021\/02\/webdealta.jpg","jetpack_sharing_enabled":true,"jetpack_likes_enabled":true,"jetpack-related-posts":[],"jetpack_shortlink":"https:\/\/wp.me\/pcseDn-Dd","_links":{"self":[{"href":"https:\/\/webdealta.info\/index.php?rest_route=\/wp\/v2\/posts\/2431","targetHints":{"allow":["GET"]}}],"collection":[{"href":"https:\/\/webdealta.info\/index.php?rest_route=\/wp\/v2\/posts"}],"about":[{"href":"https:\/\/webdealta.info\/index.php?rest_route=\/wp\/v2\/types\/post"}],"author":[{"embeddable":true,"href":"https:\/\/webdealta.info\/index.php?rest_route=\/wp\/v2\/users\/2"}],"replies":[{"embeddable":true,"href":"https:\/\/webdealta.info\/index.php?rest_route=%2Fwp%2Fv2%2Fcomments&post=2431"}],"version-history":[{"count":1,"href":"https:\/\/webdealta.info\/index.php?rest_route=\/wp\/v2\/posts\/2431\/revisions"}],"predecessor-version":[{"id":2432,"href":"https:\/\/webdealta.info\/index.php?rest_route=\/wp\/v2\/posts\/2431\/revisions\/2432"}],"wp:featuredmedia":[{"embeddable":true,"href":"https:\/\/webdealta.info\/index.php?rest_route=\/wp\/v2\/media\/1644"}],"wp:attachment":[{"href":"https:\/\/webdealta.info\/index.php?rest_route=%2Fwp%2Fv2%2Fmedia&parent=2431"}],"wp:term":[{"taxonomy":"category","embeddable":true,"href":"https:\/\/webdealta.info\/index.php?rest_route=%2Fwp%2Fv2%2Fcategories&post=2431"},{"taxonomy":"post_tag","embeddable":true,"href":"https:\/\/webdealta.info\/index.php?rest_route=%2Fwp%2Fv2%2Ftags&post=2431"}],"curies":[{"name":"wp","href":"https:\/\/api.w.org\/{rel}","templated":true}]}}