{"id":2424,"date":"2021-06-21T10:20:44","date_gmt":"2021-06-21T14:20:44","guid":{"rendered":"https:\/\/webdealta.info\/?p=2424"},"modified":"2021-06-21T10:20:46","modified_gmt":"2021-06-21T14:20:46","slug":"bajo-la-cifra-de-hospitalizados-por-covid-en-altagracia","status":"publish","type":"post","link":"https:\/\/webdealta.info\/?p=2424","title":{"rendered":"Baj\u00f3 la cifra de hospitalizados por covid en Altagracia"},"content":{"rendered":"\n<p>Amanda Saldivia.-<\/p>\n\n\n\n<p>Solo cuatro pacientes permanecen recluidos en la sala de aislamiento covid-19 del hospital Dr. Jos\u00e9 Francisco Torrealba de Altagracia de Orituco, Gu\u00e1rico, tras dar de alta m\u00e9dica a otros cuatro que superaron las complicaciones que trae consigo el coronavirus.<\/p>\n\n\n\n<p>Esos son parte de los datos extraoficiales que obtuvo este medio digital al cierre de la semana, donde adem\u00e1s destaca que afortunadamente no hubo decesos en ese centro hospitalario. No obstante, trascendi\u00f3 que en una cl\u00ednica local falleci\u00f3 una joven de 23 a\u00f1os de edad, procedente de San Jos\u00e9 de Guaribe, quien ingres\u00f3 a la sala covid y muri\u00f3 horas despu\u00e9s.<\/p>\n\n\n\n<p>Otros de los datos obtenidos relacionados a los casos covid en esta poblaci\u00f3n, es que hay seis pacientes en el CDI El Diamante, uno en triaje respiratorio del hospital y uno en un centro privado de atenci\u00f3n, para un total de 12 pacientes hospitalizados al cerrar la semana.<\/p>\n\n\n\n<p>Aunque las cifras muestran un descenso importante en el n\u00famero de pacientes hospitalizados, que pas\u00f3 de 30, a 20 y ahora a 12 en las \u00faltimas semanas, hay una cantidad indeterminada de personas con tratamientos m\u00e9dicos en casa y otros que no tienen para costear los medicamentos.<\/p>\n\n\n\n<p>Tambi\u00e9n resalta, que en los \u00faltimos d\u00edas hubo una mayor exposici\u00f3n al virus en actividades ligadas al gobierno, entre ellas el operativo de venta de gas dom\u00e9stico realizado durante dos d\u00edas en el estadio \u00c1ngel Santiago Gonz\u00e1lez y m\u00e9dicos estiman que las cifra de contagios podr\u00eda aumentar.<\/p>\n\n\n\n<p>@amandasaldivia   <\/p>\n\n\n\n<p><\/p>\n","protected":false},"excerpt":{"rendered":"<p>Amanda Saldivia.- Solo cuatro pacientes permanecen recluidos en la sala de aislamiento covid-19 del hospital Dr. Jos\u00e9 Francisco Torrealba de Altagracia de Orituco, Gu\u00e1rico, tras dar de alta m\u00e9dica a otros cuatro que superaron las complicaciones que trae consigo el coronavirus. Esos son parte de los datos extraoficiales que obtuvo<\/p>\n","protected":false},"author":2,"featured_media":2425,"comment_status":"open","ping_status":"open","sticky":false,"template":"","format":"standard","meta":{"advanced_seo_description":"","jetpack_seo_html_title":"","jetpack_seo_noindex":false,"_jetpack_memberships_contains_paid_content":false,"footnotes":"","jetpack_publicize_message":"","jetpack_publicize_feature_enabled":true,"jetpack_social_post_already_shared":true,"jetpack_social_options":{"image_generator_settings":{"template":"highway","enabled":false},"version":2}},"categories":[195],"tags":[8,11,32],"class_list":["post-2424","post","type-post","status-publish","format-standard","has-post-thumbnail","hentry","category-covid-19","tag-altagraciadeorituco","tag-covid19","tag-webdealta",""],"jetpack_publicize_connections":[],"jetpack_featured_media_url":"https:\/\/webdealta.info\/wp-content\/uploads\/2021\/06\/webdealta-cifras-covid-21-de-junio.png","jetpack_sharing_enabled":true,"jetpack_likes_enabled":true,"jetpack-related-posts":[],"jetpack_shortlink":"https:\/\/wp.me\/pcseDn-D6","_links":{"self":[{"href":"https:\/\/webdealta.info\/index.php?rest_route=\/wp\/v2\/posts\/2424","targetHints":{"allow":["GET"]}}],"collection":[{"href":"https:\/\/webdealta.info\/index.php?rest_route=\/wp\/v2\/posts"}],"about":[{"href":"https:\/\/webdealta.info\/index.php?rest_route=\/wp\/v2\/types\/post"}],"author":[{"embeddable":true,"href":"https:\/\/webdealta.info\/index.php?rest_route=\/wp\/v2\/users\/2"}],"replies":[{"embeddable":true,"href":"https:\/\/webdealta.info\/index.php?rest_route=%2Fwp%2Fv2%2Fcomments&post=2424"}],"version-history":[{"count":1,"href":"https:\/\/webdealta.info\/index.php?rest_route=\/wp\/v2\/posts\/2424\/revisions"}],"predecessor-version":[{"id":2426,"href":"https:\/\/webdealta.info\/index.php?rest_route=\/wp\/v2\/posts\/2424\/revisions\/2426"}],"wp:featuredmedia":[{"embeddable":true,"href":"https:\/\/webdealta.info\/index.php?rest_route=\/wp\/v2\/media\/2425"}],"wp:attachment":[{"href":"https:\/\/webdealta.info\/index.php?rest_route=%2Fwp%2Fv2%2Fmedia&parent=2424"}],"wp:term":[{"taxonomy":"category","embeddable":true,"href":"https:\/\/webdealta.info\/index.php?rest_route=%2Fwp%2Fv2%2Fcategories&post=2424"},{"taxonomy":"post_tag","embeddable":true,"href":"https:\/\/webdealta.info\/index.php?rest_route=%2Fwp%2Fv2%2Ftags&post=2424"}],"curies":[{"name":"wp","href":"https:\/\/api.w.org\/{rel}","templated":true}]}}