{"id":2418,"date":"2021-06-20T14:10:04","date_gmt":"2021-06-20T18:10:04","guid":{"rendered":"https:\/\/webdealta.info\/?p=2418"},"modified":"2021-06-20T14:10:18","modified_gmt":"2021-06-20T18:10:18","slug":"gremio-de-la-salud-entronizo-reliquia-del-beato","status":"publish","type":"post","link":"https:\/\/webdealta.info\/?p=2418","title":{"rendered":"Gremio de la salud entroniz\u00f3 reliquia del Beato"},"content":{"rendered":"\n<p>Amanda Saldivia.-<\/p>\n\n\n\n<p>Con fuegos artificiales y escoltada por una cabalgata, lleg\u00f3 la reliquia del Beato Dr. Jos\u00e9 Gregorio Hern\u00e1ndez a la iglesia Nuestra Se\u00f1ora de Altagracia, este domingo 20 de junio, como parte de la peregrinaci\u00f3n de fe en torno al ejemplo de vida de este ilustre venezolano que recientemente fue elevado a los altares.<\/p>\n\n\n\n<p>La entronizaci\u00f3n de la reliquia en el templo estuvo a cargo del gremio de la salud, entre ellos la Dra. Leny Toch\u00f3n, el Dr. Marcos Ram\u00edrez y el enfermero Omar Hern\u00e1ndez, quienes estuvieron recluidos y afortunadamente superaron las complicaciones derivadas del virus covid-19.<\/p>\n\n\n\n<p>En el proceso de colocar la reliquia en lugar distinguido, estuvo tambi\u00e9n el Dr. Carlos Macero, m\u00e9dico responsable del \u00e1rea de aislamiento covid-19 del hospital Dr. Jos\u00e9 Francisco Torrealba y de centros privados de atenci\u00f3n en Altagracia de Orituco.<\/p>\n\n\n\n<p>Posterior a la entronizaci\u00f3n de la reliquia, se realiz\u00f3 la misa dominical a cargo del padre Santiago y el templo permaneci\u00f3 abierto hasta las 12 del mediod\u00eda, para dar acceso a los creyentes del Beato Dr. Jos\u00e9 Gregorio Hern\u00e1ndez, quienes aprovecharon para agradecer la intercesi\u00f3n ante Dios, en la mayor\u00eda de los casos por razones de salud, especialmente por parte de ciudadanos que padecieron este virus.<\/p>\n\n\n\n<p>Es importante resaltar que desde este lunes 21 y hasta el s\u00e1bado 26 de junio habr\u00e1 eucarist\u00eda a las 7:00 am en la Iglesia Nuestra Se\u00f1ora de Altagracia, adem\u00e1s de recorrido de la reliquia por sectores donde el equipo pastoral ya tiene coordinada actividades con los feligreses.<\/p>\n\n\n\n<p>El programa que se seguir\u00e1 es el siguiente:<\/p>\n\n\n\n<p><strong><u>Lunes 21-06-2021<\/u><\/strong><\/p>\n\n\n\n<p><strong>7:00 a. m.<\/strong> Eucarist\u00eda en el templo parroquial&nbsp;<\/p>\n\n\n\n<p><strong>8:00 a. m.<\/strong>&nbsp; Encuentro con el beato JGH Ap\u00f3stol de la fe.&nbsp;<\/p>\n\n\n\n<p><strong>9:30 a. m.<\/strong> Recorrido de la reliquia del beato JGH (templo parroquial- calles: Rond\u00f3n \u2013Bol\u00edvar- Adolfo Chataing- Policl\u00ednica los Llanos)<\/p>\n\n\n\n<p><strong>10:00 a. m.<\/strong>&nbsp; Recibimiento de la reliquia del beato JGH a la Policl\u00ednica los Llanos<\/p>\n\n\n\n<p><strong>10:30 a. m.<\/strong> Eucarist\u00eda.&nbsp;<\/p>\n\n\n\n<p><strong>3:00<\/strong> <strong>p. m.<\/strong>&nbsp; Recorrido por las calles Adolfo Chataing, libertad y Juli\u00e1n Infante.<\/p>\n\n\n\n<p><strong>4:00 p. m<\/strong>. Recibimiento de la reliquia del beato JGH&nbsp; en la casa familiar Madre Candelaria<\/p>\n\n\n\n<p><strong>4:30 pm<\/strong> Eucarist\u00eda&nbsp;<\/p>\n\n\n\n<p><strong>5:30 p. m<\/strong>. Recorrido de la reliquia del beato JGH por las calles Sucre, Jos\u00e9 Mart\u00ed, &nbsp; llegada al templo&nbsp; parroquial&nbsp;<\/p>\n\n\n\n<p><strong><u>Martes 22-06-2021<\/u><\/strong><\/p>\n\n\n\n<p><strong>7:00 a. m.<\/strong> Eucarist\u00eda en el templo parroquial<\/p>\n\n\n\n<p><strong>8:00 a. m.<\/strong> Encuentro con el beato JGH docente entregado.<\/p>\n\n\n\n<p><strong>9:30 a.m.<\/strong>&nbsp; Recorrido desde el templo hasta botal\u00f3n (Chapaiguana, Ilustres Pr\u00f3ceres, Av. Botal\u00f3n)&nbsp;<\/p>\n\n\n\n<p><strong>10:00 a. m.<\/strong>&nbsp; Recibimiento de la reliquia del beato JGH al sector: \u201cRedoma de Botal\u00f3n\u201d&nbsp;<\/p>\n\n\n\n<p><strong>10:30 a. m.<\/strong>&nbsp; Eucarist\u00eda&nbsp;<\/p>\n\n\n\n<p><strong>4:00 p. m.<\/strong> Recibimiento de la reliquia del beato JGH&nbsp; al sector: \u201cSanta Eduviges\u201d<\/p>\n\n\n\n<p><strong>4:30 p. m.<\/strong> Eucarist\u00eda&nbsp;<\/p>\n\n\n\n<p>&nbsp;Salida al templo parroquial<\/p>\n\n\n\n<p><strong><u>Mi\u00e9rcoles 23-06-2021<\/u><\/strong><\/p>\n\n\n\n<p><strong>7:00 a. m<\/strong>. Eucarist\u00eda en el templo parroquial<\/p>\n\n\n\n<p><strong>8:00 a. m.<\/strong> Encuentro con el beato JGH <strong>&nbsp;<\/strong>centinela de la paz.<\/p>\n\n\n\n<p><strong>9:30 a.m.<\/strong> &nbsp; Recorrido con la reliquia del beato JGH: Chapaiguana,&nbsp; Av. Santa Teresa y&nbsp; Pe\u00f1a de Mota<\/p>\n\n\n\n<p><strong>10:00 a. m.<\/strong> Recibimiento de la reliquia del beato JGH&nbsp; al sector Pe\u00f1a de Mota<\/p>\n\n\n\n<p><strong>10:30 a. m.<\/strong> Eucarist\u00eda<\/p>\n\n\n\n<p>Retorno al templo<\/p>\n\n\n\n<p><strong>3:30 p. m.<\/strong> &nbsp; Recorrido por las calles&nbsp; Pell\u00f3n y Palacios,&nbsp; calle cuatro. Llegada a la capilla Gran Poder (Guaiquer\u00edes)&nbsp;<\/p>\n\n\n\n<p><strong>4:00 p.m.<\/strong> Recibimiento de la reliquia del beato JGH al sector Guaiquer\u00edes.<\/p>\n\n\n\n<p>&nbsp;<strong>4:30p.m.<\/strong>&nbsp; Eucarist\u00eda.<\/p>\n\n\n\n<p>Retorno por las calles: Ilustres Pr\u00f3ceres, Bol\u00edvar, Jos\u00e9 Mart\u00ed, llegada al templo.<\/p>\n\n\n\n<p><strong><u>Jueves&nbsp; 24-06-2021<\/u><\/strong><\/p>\n\n\n\n<p><strong>7:00 a. m.<\/strong> Eucarist\u00eda en el templo parroquial.<\/p>\n\n\n\n<p><strong>8:00 a. m.<\/strong> Encuentro con el beato JGH&nbsp; forjador de progreso.<\/p>\n\n\n\n<p><strong>10:00 a. m.<\/strong>&nbsp; <strong>a 12:00m<\/strong> Hora Santa<\/p>\n\n\n\n<p><strong>3:30 p.m.<\/strong>&nbsp; Recorrido: Rond\u00f3n, Sucre, Chimborazo&nbsp;<\/p>\n\n\n\n<p><strong>4:00 p.m<\/strong>. Visita de la reliquia del beato JGH&nbsp; al sector: Chimborazo<\/p>\n\n\n\n<p><strong>4:30 p. m.<\/strong> Misa san Juan Bautista&nbsp;<\/p>\n\n\n\n<p>Retorno por: Av. Santa Teresa&nbsp; Santiago Gil, Jos\u00e9 Mart\u00ed<\/p>\n\n\n\n<p><strong><u>Viernes&nbsp; 25-06-2021<\/u><\/strong><\/p>\n\n\n\n<p><strong>7:00 a. m.<\/strong> Eucarist\u00eda en el templo parroquial<\/p>\n\n\n\n<p><strong>8:00 a. m. <\/strong>Encuentro con el beato JGH&nbsp; fortaleza en el duelo<\/p>\n\n\n\n<p><strong>9:30 a. m<\/strong>. Recorrido Adolfo Chateen, Ilustre, cuatro de junio, Centro M\u00e9dico<\/p>\n\n\n\n<p><strong>10:00 a. m.<\/strong> Recibimiento de la reliquia del beato JGH en el Centro M\u00e9dico<\/p>\n\n\n\n<p><strong>10:30 a. m<\/strong>. Eucarist\u00eda&nbsp;<\/p>\n\n\n\n<p><strong>4:00 p. m.<\/strong> Recibimiento de la reliquia del beato JGH en el&nbsp; CDI Diamante&nbsp;&nbsp;<\/p>\n\n\n\n<p><strong>4.15 p. m<\/strong> Oraci\u00f3n por los enfermos&nbsp; en el CDI<\/p>\n\n\n\n<p><strong>4:30 p.m.<\/strong> Eucarist\u00eda en el Diamante (Calle 2 con transversal 1)<\/p>\n\n\n\n<p>Retorno al templo por: Ilustres Pr\u00f3ceres Hurtado Ascanio, Juli\u00e1n Infante Chapaiguana.&nbsp;<\/p>\n\n\n\n<p><strong><u>S\u00e1bado&nbsp; 26-06-2021<\/u><\/strong><\/p>\n\n\n\n<p><strong>7:00 a. m.<\/strong> Eucarist\u00eda en el templo parroquial<\/p>\n\n\n\n<p><strong>8:00 a. m<\/strong>. Encuentro con el beato JGH&nbsp; devoto de la Virgen Mar\u00eda<\/p>\n\n\n\n<p><strong>Momentos de oraci\u00f3n con las reliquias del beato JGH<\/strong><\/p>\n\n\n\n<p><strong>10:00 a. m.<\/strong>&nbsp; Sector: Buenos Aires&nbsp;<\/p>\n\n\n\n<p><strong>11:00 a. m<\/strong>. Sector: Cadafe&nbsp;<\/p>\n\n\n\n<p><strong>12:00 m.<\/strong> Sector: Playera&nbsp;<\/p>\n\n\n\n<p><strong>1:00 p. m.<\/strong> Sector: La Coromoto&nbsp;<\/p>\n\n\n\n<p><strong>2:00 p.m.<\/strong> Sector: La Milagrosa&nbsp;<\/p>\n\n\n\n<p><strong>3:00 p.m.<\/strong>&nbsp; Sector: Cumbito&nbsp;<\/p>\n\n\n\n<p><strong>4:00 p. m.<\/strong> Entrega de las reliquias a la parroquia San Jos\u00e9 Obrero<\/p>\n\n\n\n<p>@amandasaldivia <\/p>\n\n\n\n<p><\/p>\n","protected":false},"excerpt":{"rendered":"<p>Amanda Saldivia.- Con fuegos artificiales y escoltada por una cabalgata, lleg\u00f3 la reliquia del Beato Dr. Jos\u00e9 Gregorio Hern\u00e1ndez a la iglesia Nuestra Se\u00f1ora de Altagracia, este domingo 20 de junio, como parte de la peregrinaci\u00f3n de fe en torno al ejemplo de vida de este ilustre venezolano que recientemente<\/p>\n","protected":false},"author":2,"featured_media":2419,"comment_status":"open","ping_status":"open","sticky":false,"template":"","format":"standard","meta":{"advanced_seo_description":"","jetpack_seo_html_title":"","jetpack_seo_noindex":false,"_jetpack_memberships_contains_paid_content":false,"footnotes":"","jetpack_publicize_message":"","jetpack_publicize_feature_enabled":true,"jetpack_social_post_already_shared":true,"jetpack_social_options":{"image_generator_settings":{"template":"highway","enabled":false},"version":2}},"categories":[42],"tags":[8,246,32],"class_list":["post-2418","post","type-post","status-publish","format-standard","has-post-thumbnail","hentry","category-iglesia-catolica","tag-altagraciadeorituco","tag-beatojosegregoriohernandez","tag-webdealta",""],"jetpack_publicize_connections":[],"jetpack_featured_media_url":"https:\/\/webdealta.info\/wp-content\/uploads\/2021\/06\/reliquia-Dr.-Jose-Gregorio-Hernandez-webdealta.jpg","jetpack_sharing_enabled":true,"jetpack_likes_enabled":true,"jetpack-related-posts":[],"jetpack_shortlink":"https:\/\/wp.me\/pcseDn-D0","_links":{"self":[{"href":"https:\/\/webdealta.info\/index.php?rest_route=\/wp\/v2\/posts\/2418","targetHints":{"allow":["GET"]}}],"collection":[{"href":"https:\/\/webdealta.info\/index.php?rest_route=\/wp\/v2\/posts"}],"about":[{"href":"https:\/\/webdealta.info\/index.php?rest_route=\/wp\/v2\/types\/post"}],"author":[{"embeddable":true,"href":"https:\/\/webdealta.info\/index.php?rest_route=\/wp\/v2\/users\/2"}],"replies":[{"embeddable":true,"href":"https:\/\/webdealta.info\/index.php?rest_route=%2Fwp%2Fv2%2Fcomments&post=2418"}],"version-history":[{"count":1,"href":"https:\/\/webdealta.info\/index.php?rest_route=\/wp\/v2\/posts\/2418\/revisions"}],"predecessor-version":[{"id":2420,"href":"https:\/\/webdealta.info\/index.php?rest_route=\/wp\/v2\/posts\/2418\/revisions\/2420"}],"wp:featuredmedia":[{"embeddable":true,"href":"https:\/\/webdealta.info\/index.php?rest_route=\/wp\/v2\/media\/2419"}],"wp:attachment":[{"href":"https:\/\/webdealta.info\/index.php?rest_route=%2Fwp%2Fv2%2Fmedia&parent=2418"}],"wp:term":[{"taxonomy":"category","embeddable":true,"href":"https:\/\/webdealta.info\/index.php?rest_route=%2Fwp%2Fv2%2Fcategories&post=2418"},{"taxonomy":"post_tag","embeddable":true,"href":"https:\/\/webdealta.info\/index.php?rest_route=%2Fwp%2Fv2%2Ftags&post=2418"}],"curies":[{"name":"wp","href":"https:\/\/api.w.org\/{rel}","templated":true}]}}