{"id":2399,"date":"2021-06-17T15:20:34","date_gmt":"2021-06-17T19:20:34","guid":{"rendered":"https:\/\/webdealta.info\/?p=2399"},"modified":"2021-06-17T21:18:47","modified_gmt":"2021-06-18T01:18:47","slug":"reliquia-del-beato-llega-en-tres-dias-a-la-parroquia-altagracia","status":"publish","type":"post","link":"https:\/\/webdealta.info\/?p=2399","title":{"rendered":"Reliquia del Beato llega en tres d\u00edas a la parroquia Altagracia"},"content":{"rendered":"\n<p>Amanda Saldivia.-<\/p>\n\n\n\n<p>Comenz\u00f3 la cuenta regresiva para que la Reliquia del Beato Jos\u00e9 Gregorio Hern\u00e1ndez, llegue a la parroquia eclesi\u00e1stica Nuestra Se\u00f1ora de Altagracia de parte del equipo del templo de San Rafael de Orituco, donde est\u00e1 actualmente en peregrinaci\u00f3n, como parte del programa acordado por la Di\u00f3cesis de Valle de la Pascua, a cargo de Monse\u00f1or Ram\u00f3n Jos\u00e9 Aponte.<\/p>\n\n\n\n<p>De acuerdo al programa difundido este jueves 17 de junio por el equipo parroquial, la entrega de la reliquia del Beato ser\u00e1 el pr\u00f3ximo domingo 20 de junio, a las 8:00 am, en el templo de San Rafael, para luego partir en caravana por la ruta de la avenida Soto Rojas y la calle Chapaiguana hasta la iglesia Nuestra Se\u00f1ora de Altagracia.<\/p>\n\n\n\n<p>La reliquia del Beato Jos\u00e9 Gregorio Hern\u00e1ndez comenz\u00f3 el recorrido desde Valle de la Pascua al Arciprestazgo Beata Madre Candelaria de San Jos\u00e9 el 16 de mayo, fecha en la cual lleg\u00f3 a San Jos\u00e9 de Guaribe y el 23 de ese mismo mes al municipio Monagas, espec\u00edficamente a Paso Real de Macaira.<\/p>\n\n\n\n<p>Compartimos la programaci\u00f3n elaborada por el Consejo Parroquial de Pastoral, coordinado por el profesor C\u00e1ndido Guaimara, en la cual se especifica que la reliquia ser\u00e1 expuesta el domingo 20, despu\u00e9s de la misa dominical de las 9:00 am. El programa especifica lo siguiente:<\/p>\n\n\n\n<p><strong><u>Domingo 20-06-2021<\/u><\/strong><\/p>\n\n\n\n<p><strong>8:00 a. m<\/strong>.&nbsp; Entrega de la reliquia del beato JGH por parte de la parroquia San Rafael Arc\u00e1ngel&nbsp; a la parroquia Nuestra Se\u00f1ora de Altagracia y traslado de la reliquia desde san Rafael de Orituco hasta el templo parroquial.&nbsp;&nbsp;<\/p>\n\n\n\n<p><em>(Recorrido: templo San Rafael &#8211; calle Soto Rojas- calle Chapaiguana- templo: Ntra. Sra. de Altagracia)<\/em><\/p>\n\n\n\n<p><strong>8:30 a. m.<\/strong> Recibimiento de la reliquia del beato JGH en el templo parroquial<\/p>\n\n\n\n<p><strong>9:00 a. m.<\/strong>&nbsp; Eucarist\u00eda Dominical&nbsp;<\/p>\n\n\n\n<p><strong>10:00 \u2013 11:00 a. m<\/strong>. Exposici\u00f3n de las reliquias del beato JGH para la veneraci\u00f3n de los fieles&nbsp;<\/p>\n\n\n\n<p><strong><u>Lunes 21-06-2021<\/u><\/strong><\/p>\n\n\n\n<p><strong>7:00 a. m.<\/strong> Eucarist\u00eda en el templo parroquial&nbsp;<\/p>\n\n\n\n<p><strong>8:00 a. m.<\/strong>&nbsp; Encuentro con el beato JGH Ap\u00f3stol de la fe.&nbsp;<\/p>\n\n\n\n<p><strong>9:30 a. m.<\/strong> Recorrido de la reliquia del beato JGH (templo parroquial- calles: Rond\u00f3n \u2013Bol\u00edvar- Adolfo Chateen- Policl\u00ednica los Llanos)<\/p>\n\n\n\n<p><strong>10:00 a. m.<\/strong>&nbsp; Recibimiento de la reliquia del beato JGH a la Policl\u00ednica los Llanos<\/p>\n\n\n\n<p><strong>10:30 a. m.<\/strong> Eucarist\u00eda.&nbsp;<\/p>\n\n\n\n<p><strong>3:00<\/strong> <strong>p. m.<\/strong>&nbsp; Recorrido por las calles Adolfo Chataing, libertad y Juli\u00e1n Infante.<\/p>\n\n\n\n<p><strong>4:00 p. m<\/strong>. Recibimiento de la reliquia del beato JGH&nbsp; en la casa familiar Madre Candelaria<\/p>\n\n\n\n<p><strong>4:30 pm<\/strong> Eucarist\u00eda&nbsp;<\/p>\n\n\n\n<p><strong>5:30 p. m<\/strong>. Recorrido de la reliquia del beato JGH por las calles Sucre, Jos\u00e9 Mart\u00ed, &nbsp; llegada al templo&nbsp; parroquial&nbsp;<\/p>\n\n\n\n<p><strong><u>Martes 22-06-2021<\/u><\/strong><\/p>\n\n\n\n<p><strong>7:00 a. m.<\/strong> Eucarist\u00eda en el templo parroquial<\/p>\n\n\n\n<p><strong>8:00 a. m.<\/strong> Encuentro con el beato JGH docente entregado.<\/p>\n\n\n\n<p><strong>9:30 a.m.<\/strong>&nbsp; Recorrido desde el templo hasta botal\u00f3n (Chapaiguana, Ilustres Pr\u00f3ceres, Av. Botal\u00f3n)&nbsp;<\/p>\n\n\n\n<p><strong>10:00 a. m.<\/strong>&nbsp; Recibimiento de la reliquia del beato JGH al sector: \u201cRedoma de Botal\u00f3n\u201d&nbsp;<\/p>\n\n\n\n<p><strong>10:30 a. m.<\/strong>&nbsp; Eucarist\u00eda&nbsp;<\/p>\n\n\n\n<p><strong>4:00 p. m.<\/strong> Recibimiento de la reliquia del beato JGH&nbsp; al sector: \u201cSanta Eduviges\u201d<\/p>\n\n\n\n<p><strong>4:30 p. m.<\/strong> Eucarist\u00eda&nbsp;<\/p>\n\n\n\n<p>&nbsp;Salida al templo parroquial<\/p>\n\n\n\n<p><strong><u>Mi\u00e9rcoles 23-06-2021<\/u><\/strong><\/p>\n\n\n\n<p><strong>7:00 a. m<\/strong>. Eucarist\u00eda en el templo parroquial<\/p>\n\n\n\n<p><strong>8:00 a. m.<\/strong> Encuentro con el beato JGH <strong>&nbsp;<\/strong>centinela de la paz.<\/p>\n\n\n\n<p><strong>9:30 a.m.<\/strong> &nbsp; Recorrido con la reliquia del beato JGH: Chapaiguana,&nbsp; Av. Santa Teresa y&nbsp; Pe\u00f1a de Mota<\/p>\n\n\n\n<p><strong>10:00 a. m.<\/strong> Recibimiento de la reliquia del beato JGH&nbsp; al sector Pe\u00f1a de Mota<\/p>\n\n\n\n<p><strong>10:30 a. m.<\/strong> Eucarist\u00eda<\/p>\n\n\n\n<p>Retorno al templo<\/p>\n\n\n\n<p><strong>3:30 p. m.<\/strong> &nbsp; Recorrido por las calles&nbsp; Pell\u00f3n y Palacios,&nbsp; calle cuatro. Llegada a la capilla Gran Poder (Guaiquer\u00edes)&nbsp;<\/p>\n\n\n\n<p><strong>4:00 p.m.<\/strong> Recibimiento de la reliquia del beato JGH al sector Guaiquer\u00edes.<\/p>\n\n\n\n<p>&nbsp;<strong>4:30p.m.<\/strong>&nbsp; Eucarist\u00eda.<\/p>\n\n\n\n<p>Retorno por las calles: Ilustres Pr\u00f3ceres, Bol\u00edvar, Jos\u00e9 Mart\u00ed, llegada al templo.<\/p>\n\n\n\n<p><strong><u>Jueves&nbsp; 24-06-2021<\/u><\/strong><\/p>\n\n\n\n<p><strong>7:00 a. m.<\/strong> Eucarist\u00eda en el templo parroquial.<\/p>\n\n\n\n<p><strong>8:00 a. m.<\/strong> Encuentro con el beato JGH&nbsp; forjador de progreso.<\/p>\n\n\n\n<p><strong>10:00 a. m.<\/strong>&nbsp; <strong>a 12:00m<\/strong> Hora Santa<\/p>\n\n\n\n<p><strong>3:30 p.m.<\/strong>&nbsp; Recorrido: Rond\u00f3n, Sucre, Chimborazo&nbsp;<\/p>\n\n\n\n<p><strong>4:00 p.m<\/strong>. Visita de la reliquia del beato JGH&nbsp; al sector: Chimborazo<\/p>\n\n\n\n<p><strong>4:30 p. m.<\/strong> Misa san Juan Bautista&nbsp;<\/p>\n\n\n\n<p>Retorno por: Av. Santa Teresa&nbsp; Santiago Gil, Jos\u00e9 Mart\u00ed<\/p>\n\n\n\n<p><strong><u>Viernes&nbsp; 25-06-2021<\/u><\/strong><\/p>\n\n\n\n<p><strong>7:00 a. m.<\/strong> Eucarist\u00eda en el templo parroquial<\/p>\n\n\n\n<p><strong>8:00 a. m. <\/strong>Encuentro con el beato JGH&nbsp; fortaleza en el duelo<\/p>\n\n\n\n<p><strong>9:30 a. m<\/strong>. Recorrido Adolfo Chateen, Ilustre, cuatro de junio, Centro M\u00e9dico<\/p>\n\n\n\n<p><strong>10:00 a. m.<\/strong> Recibimiento de la reliquia del beato JGH en el Centro M\u00e9dico<\/p>\n\n\n\n<p><strong>10:30 a. m<\/strong>. Eucarist\u00eda&nbsp;<\/p>\n\n\n\n<p><strong>4:00 p. m.<\/strong> Recibimiento de la reliquia del beato JGH en el&nbsp; CDI Diamante&nbsp;&nbsp;<\/p>\n\n\n\n<p><strong>4.15 p. m<\/strong> Oraci\u00f3n por los enfermos&nbsp; en el CDI<\/p>\n\n\n\n<p><strong>4:30 p.m.<\/strong> Eucarist\u00eda en el Diamante (Calle 2 con transversal 1)<\/p>\n\n\n\n<p>Retorno al templo por: Ilustres Pr\u00f3ceres Hurtado Ascanio, Juli\u00e1n Infante Chapaiguana.&nbsp;<\/p>\n\n\n\n<p><strong><u>S\u00e1bado&nbsp; 26-06-2021<\/u><\/strong><\/p>\n\n\n\n<p><strong>7:00 a. m.<\/strong> Eucarist\u00eda en el templo parroquial<\/p>\n\n\n\n<p><strong>8:00 a. m<\/strong>. Encuentro con el beato JGH&nbsp; devoto de la Virgen Mar\u00eda<\/p>\n\n\n\n<p><strong>Momentos de oraci\u00f3n con las reliquias del beato JGH<\/strong><\/p>\n\n\n\n<p><strong>10:00 a. m.<\/strong>&nbsp; Sector: Buenos Aires&nbsp;<\/p>\n\n\n\n<p><strong>11:00 a. m<\/strong>. Sector: Cadafe&nbsp;<\/p>\n\n\n\n<p><strong>12:00 m.<\/strong> Sector: Playera&nbsp;<\/p>\n\n\n\n<p><strong>1:00 p. m.<\/strong> Sector: La Coromoto&nbsp;<\/p>\n\n\n\n<p><strong>2:00 p.m.<\/strong> Sector: La Milagrosa&nbsp;<\/p>\n\n\n\n<p><strong>3:00 p.m.<\/strong>&nbsp; Sector: Cumbito&nbsp;<\/p>\n\n\n\n<p><strong>4:00 p. m.<\/strong> Entrega de las reliquias a la parroquia San Jos\u00e9 Obrero<\/p>\n\n\n\n<p><\/p>\n","protected":false},"excerpt":{"rendered":"<p>Amanda Saldivia.- Comenz\u00f3 la cuenta regresiva para que la Reliquia del Beato Jos\u00e9 Gregorio Hern\u00e1ndez, llegue a la parroquia eclesi\u00e1stica Nuestra Se\u00f1ora de Altagracia de parte del equipo del templo de San Rafael de Orituco, donde est\u00e1 actualmente en peregrinaci\u00f3n, como parte del programa acordado por la Di\u00f3cesis de Valle<\/p>\n","protected":false},"author":2,"featured_media":2400,"comment_status":"open","ping_status":"open","sticky":false,"template":"","format":"standard","meta":{"advanced_seo_description":"","jetpack_seo_html_title":"","jetpack_seo_noindex":false,"_jetpack_memberships_contains_paid_content":false,"footnotes":"","jetpack_publicize_message":"","jetpack_publicize_feature_enabled":true,"jetpack_social_post_already_shared":true,"jetpack_social_options":{"image_generator_settings":{"template":"highway","enabled":false},"version":2}},"categories":[42],"tags":[8,246,32],"class_list":["post-2399","post","type-post","status-publish","format-standard","has-post-thumbnail","hentry","category-iglesia-catolica","tag-altagraciadeorituco","tag-beatojosegregoriohernandez","tag-webdealta",""],"jetpack_publicize_connections":[],"jetpack_featured_media_url":"https:\/\/webdealta.info\/wp-content\/uploads\/2021\/06\/Beato-webdealta.jpg","jetpack_sharing_enabled":true,"jetpack_likes_enabled":true,"jetpack-related-posts":[],"jetpack_shortlink":"https:\/\/wp.me\/pcseDn-CH","_links":{"self":[{"href":"https:\/\/webdealta.info\/index.php?rest_route=\/wp\/v2\/posts\/2399","targetHints":{"allow":["GET"]}}],"collection":[{"href":"https:\/\/webdealta.info\/index.php?rest_route=\/wp\/v2\/posts"}],"about":[{"href":"https:\/\/webdealta.info\/index.php?rest_route=\/wp\/v2\/types\/post"}],"author":[{"embeddable":true,"href":"https:\/\/webdealta.info\/index.php?rest_route=\/wp\/v2\/users\/2"}],"replies":[{"embeddable":true,"href":"https:\/\/webdealta.info\/index.php?rest_route=%2Fwp%2Fv2%2Fcomments&post=2399"}],"version-history":[{"count":2,"href":"https:\/\/webdealta.info\/index.php?rest_route=\/wp\/v2\/posts\/2399\/revisions"}],"predecessor-version":[{"id":2402,"href":"https:\/\/webdealta.info\/index.php?rest_route=\/wp\/v2\/posts\/2399\/revisions\/2402"}],"wp:featuredmedia":[{"embeddable":true,"href":"https:\/\/webdealta.info\/index.php?rest_route=\/wp\/v2\/media\/2400"}],"wp:attachment":[{"href":"https:\/\/webdealta.info\/index.php?rest_route=%2Fwp%2Fv2%2Fmedia&parent=2399"}],"wp:term":[{"taxonomy":"category","embeddable":true,"href":"https:\/\/webdealta.info\/index.php?rest_route=%2Fwp%2Fv2%2Fcategories&post=2399"},{"taxonomy":"post_tag","embeddable":true,"href":"https:\/\/webdealta.info\/index.php?rest_route=%2Fwp%2Fv2%2Ftags&post=2399"}],"curies":[{"name":"wp","href":"https:\/\/api.w.org\/{rel}","templated":true}]}}