{"id":2375,"date":"2021-06-14T10:51:02","date_gmt":"2021-06-14T14:51:02","guid":{"rendered":"https:\/\/webdealta.info\/?p=2375"},"modified":"2021-06-14T10:51:05","modified_gmt":"2021-06-14T14:51:05","slug":"un-fallecido-y-11-recluidos-balance-del-covid-19-en-el-hospital","status":"publish","type":"post","link":"https:\/\/webdealta.info\/?p=2375","title":{"rendered":"Un fallecido y 11 recluidos balance del covid-19 en el hospital"},"content":{"rendered":"\n<p>Amanda Saldivia.-<\/p>\n\n\n\n<p>A la fecha 11 pacientes permanecen recluidos en el hospital Dr. Jos\u00e9 Francisco Torrealba de Altagracia de Orituco, Gu\u00e1rico, con s\u00edntomas asociado al virus covid-19, ocho de ellos en la sala de aislamiento y tres en triaje respiratorio.<\/p>\n\n\n\n<p>Las cifras a las cuales tuvo acceso este medio digital, dan cuenta que durante la semana que acaba de culminar hubo un fallecido por las complicaciones que trae este virus, se trat\u00f3 de un hombre de 65 a\u00f1os de edad, deceso que se produjo en la ma\u00f1ana del pasado s\u00e1bado tras estar 11 d\u00edas recluido en el hospital gracitano.<\/p>\n\n\n\n<p>Tambi\u00e9n trascendi\u00f3 que la semana pasada tres pacientes fueron dados de alta de la sala de aislamiento del hospital, la mayor\u00eda con m\u00e1s de dos semanas de atenci\u00f3n en ese centro asistencial p\u00fablico.<\/p>\n\n\n\n<p>La cantidad de 11 pacientes es pr\u00e1cticamente el tope de capacidad de esa instalaci\u00f3n hospitalaria, la cual en las \u00faltimas semanas presenta un reporte similar en cuanto al n\u00famero de recluidos, mientras hubo un leve descenso en los centros privados de atenci\u00f3n luego de dar de alta a m\u00e1s de cinco personas.<\/p>\n\n\n\n<p>Los datos extraoficiales reportan que en el CDI, al d\u00eda de hoy, est\u00e1n cinco pacientes, en el Centro M\u00e9dico Orituco tres y en el hospital 11.<\/p>\n\n\n\n<p>@amandasaldivia<\/p>\n\n\n\n<p><\/p>\n\n\n\n<p><\/p>\n","protected":false},"excerpt":{"rendered":"<p>Amanda Saldivia.- A la fecha 11 pacientes permanecen recluidos en el hospital Dr. Jos\u00e9 Francisco Torrealba de Altagracia de Orituco, Gu\u00e1rico, con s\u00edntomas asociado al virus covid-19, ocho de ellos en la sala de aislamiento y tres en triaje respiratorio. Las cifras a las cuales tuvo acceso este medio digital,<\/p>\n","protected":false},"author":2,"featured_media":2376,"comment_status":"open","ping_status":"open","sticky":false,"template":"","format":"standard","meta":{"advanced_seo_description":"","jetpack_seo_html_title":"","jetpack_seo_noindex":false,"_jetpack_memberships_contains_paid_content":false,"footnotes":"","jetpack_publicize_message":"","jetpack_publicize_feature_enabled":true,"jetpack_social_post_already_shared":true,"jetpack_social_options":{"image_generator_settings":{"template":"highway","enabled":false},"version":2}},"categories":[195],"tags":[8,11,32],"class_list":["post-2375","post","type-post","status-publish","format-standard","has-post-thumbnail","hentry","category-covid-19","tag-altagraciadeorituco","tag-covid19","tag-webdealta",""],"jetpack_publicize_connections":[],"jetpack_featured_media_url":"https:\/\/webdealta.info\/wp-content\/uploads\/2021\/06\/hospital-webdealta-4.jpg","jetpack_sharing_enabled":true,"jetpack_likes_enabled":true,"jetpack-related-posts":[],"jetpack_shortlink":"https:\/\/wp.me\/pcseDn-Cj","_links":{"self":[{"href":"https:\/\/webdealta.info\/index.php?rest_route=\/wp\/v2\/posts\/2375","targetHints":{"allow":["GET"]}}],"collection":[{"href":"https:\/\/webdealta.info\/index.php?rest_route=\/wp\/v2\/posts"}],"about":[{"href":"https:\/\/webdealta.info\/index.php?rest_route=\/wp\/v2\/types\/post"}],"author":[{"embeddable":true,"href":"https:\/\/webdealta.info\/index.php?rest_route=\/wp\/v2\/users\/2"}],"replies":[{"embeddable":true,"href":"https:\/\/webdealta.info\/index.php?rest_route=%2Fwp%2Fv2%2Fcomments&post=2375"}],"version-history":[{"count":1,"href":"https:\/\/webdealta.info\/index.php?rest_route=\/wp\/v2\/posts\/2375\/revisions"}],"predecessor-version":[{"id":2377,"href":"https:\/\/webdealta.info\/index.php?rest_route=\/wp\/v2\/posts\/2375\/revisions\/2377"}],"wp:featuredmedia":[{"embeddable":true,"href":"https:\/\/webdealta.info\/index.php?rest_route=\/wp\/v2\/media\/2376"}],"wp:attachment":[{"href":"https:\/\/webdealta.info\/index.php?rest_route=%2Fwp%2Fv2%2Fmedia&parent=2375"}],"wp:term":[{"taxonomy":"category","embeddable":true,"href":"https:\/\/webdealta.info\/index.php?rest_route=%2Fwp%2Fv2%2Fcategories&post=2375"},{"taxonomy":"post_tag","embeddable":true,"href":"https:\/\/webdealta.info\/index.php?rest_route=%2Fwp%2Fv2%2Ftags&post=2375"}],"curies":[{"name":"wp","href":"https:\/\/api.w.org\/{rel}","templated":true}]}}