{"id":2366,"date":"2021-06-11T13:30:59","date_gmt":"2021-06-11T17:30:59","guid":{"rendered":"https:\/\/webdealta.info\/?p=2366"},"modified":"2021-06-11T13:31:07","modified_gmt":"2021-06-11T17:31:07","slug":"comite-ejecutivo-municipal-de-ad-no-apoya-candidatura","status":"publish","type":"post","link":"https:\/\/webdealta.info\/?p=2366","title":{"rendered":"Comit\u00e9 Ejecutivo Municipal de AD no apoya candidatura"},"content":{"rendered":"\n<p>Amanda Saldivia.-<\/p>\n\n\n\n<p>El Comit\u00e9 Ejecutivo de Acci\u00f3n Democr\u00e1tica en el municipio Monagas, Gu\u00e1rico, que sigue la l\u00ednea de Henry Ramos Allup, rechaz\u00f3 que la sigla de esa organizaci\u00f3n pol\u00edtica sea utilizada para promocionar la candidatura a la alcald\u00eda de la Dra. Elba Atencio, militante del MAS.<\/p>\n\n\n\n<p>El pronunciamiento lo hizo Carmen Cecilia Aragort, Secretaria General de AD en esta regi\u00f3n guarique\u00f1a, luego de que se difundiera la coalici\u00f3n de las organizaciones pol\u00edticas, entre ellas la tolda blanca, la cual bajo el lineamiento de Antonio Mugueza, dirigente regional que sigue a Bernab\u00e9 Guti\u00e9rrez, decidiera unirse a la plataforma denominada Alianza Democr\u00e1tica-Unidad Superior y apoyar candidaturas \u00fanicas a las alcald\u00edas, concejos municipales, consejo legislativo y gobernaci\u00f3n de Gu\u00e1rico.<\/p>\n\n\n\n<p>Carmen Cecilia Aragort dijo que \u201cla Acci\u00f3n Democr\u00e1tica de aqu\u00ed, la que cumple con los estatutos, la que no apoya a este gobierno, no tenemos candidatura, ni estamos apoyando a ninguna candidatura, porque las condiciones no est\u00e1n dadas, estamos esperando condiciones para participar, no nos estamos negando, pero eso s\u00ed elecciones limpias y transparentes como debe ser\u201d.<\/p>\n\n\n\n<p>En cuanto a la candidatura de la Dra. Elba Atencio fue enf\u00e1tica al decir que \u201cla admiro como mujer, como profesional, pero ella representa al MAS y se han dedicado a difundir la tarjeta de AD y por esa raz\u00f3n dejamos constancia que la Acci\u00f3n Democr\u00e1tica que yo represento aqu\u00ed en Altagracia de Orituco, no est\u00e1 en este momento con candidaturas, ni alcald\u00eda ni gobernaci\u00f3n, hasta tanto no recibamos lineamientos de los cuatro partidos que conforman la fuerza de Juan Guaid\u00f3 y que reconoce la comunidad internacional\u201d.<\/p>\n\n\n\n<p>Desde que el Tribunal Supremo de Justicia decidiera otorgarle el manejo del partido blanco a Bernab\u00e9 Guti\u00e9rrez, situaciones similares se est\u00e1n presentando en todo el pa\u00eds, lo que marca una divisi\u00f3n de esta tolda pol\u00edtica con m\u00e1s de 75 a\u00f1os de fundada. <\/p>\n\n\n\n<p>@amandasaldivia<\/p>\n","protected":false},"excerpt":{"rendered":"<p>Amanda Saldivia.- El Comit\u00e9 Ejecutivo de Acci\u00f3n Democr\u00e1tica en el municipio Monagas, Gu\u00e1rico, que sigue la l\u00ednea de Henry Ramos Allup, rechaz\u00f3 que la sigla de esa organizaci\u00f3n pol\u00edtica sea utilizada para promocionar la candidatura a la alcald\u00eda de la Dra. Elba Atencio, militante del MAS. El pronunciamiento lo hizo<\/p>\n","protected":false},"author":2,"featured_media":2367,"comment_status":"open","ping_status":"open","sticky":false,"template":"","format":"standard","meta":{"advanced_seo_description":"","jetpack_seo_html_title":"","jetpack_seo_noindex":false,"_jetpack_memberships_contains_paid_content":false,"footnotes":"","jetpack_publicize_message":"","jetpack_publicize_feature_enabled":true,"jetpack_social_post_already_shared":true,"jetpack_social_options":{"image_generator_settings":{"template":"highway","enabled":false},"version":2}},"categories":[142],"tags":[157,8,7,32],"class_list":["post-2366","post","type-post","status-publish","format-standard","has-post-thumbnail","hentry","category-politica","tag-ad","tag-altagraciadeorituco","tag-guarico","tag-webdealta",""],"jetpack_publicize_connections":[],"jetpack_featured_media_url":"https:\/\/webdealta.info\/wp-content\/uploads\/2021\/06\/AD-webdealta.jpg","jetpack_sharing_enabled":true,"jetpack_likes_enabled":true,"jetpack-related-posts":[],"jetpack_shortlink":"https:\/\/wp.me\/pcseDn-Ca","_links":{"self":[{"href":"https:\/\/webdealta.info\/index.php?rest_route=\/wp\/v2\/posts\/2366","targetHints":{"allow":["GET"]}}],"collection":[{"href":"https:\/\/webdealta.info\/index.php?rest_route=\/wp\/v2\/posts"}],"about":[{"href":"https:\/\/webdealta.info\/index.php?rest_route=\/wp\/v2\/types\/post"}],"author":[{"embeddable":true,"href":"https:\/\/webdealta.info\/index.php?rest_route=\/wp\/v2\/users\/2"}],"replies":[{"embeddable":true,"href":"https:\/\/webdealta.info\/index.php?rest_route=%2Fwp%2Fv2%2Fcomments&post=2366"}],"version-history":[{"count":1,"href":"https:\/\/webdealta.info\/index.php?rest_route=\/wp\/v2\/posts\/2366\/revisions"}],"predecessor-version":[{"id":2368,"href":"https:\/\/webdealta.info\/index.php?rest_route=\/wp\/v2\/posts\/2366\/revisions\/2368"}],"wp:featuredmedia":[{"embeddable":true,"href":"https:\/\/webdealta.info\/index.php?rest_route=\/wp\/v2\/media\/2367"}],"wp:attachment":[{"href":"https:\/\/webdealta.info\/index.php?rest_route=%2Fwp%2Fv2%2Fmedia&parent=2366"}],"wp:term":[{"taxonomy":"category","embeddable":true,"href":"https:\/\/webdealta.info\/index.php?rest_route=%2Fwp%2Fv2%2Fcategories&post=2366"},{"taxonomy":"post_tag","embeddable":true,"href":"https:\/\/webdealta.info\/index.php?rest_route=%2Fwp%2Fv2%2Ftags&post=2366"}],"curies":[{"name":"wp","href":"https:\/\/api.w.org\/{rel}","templated":true}]}}