{"id":2330,"date":"2021-06-07T21:12:28","date_gmt":"2021-06-08T01:12:28","guid":{"rendered":"https:\/\/webdealta.info\/?p=2330"},"modified":"2021-06-07T21:12:29","modified_gmt":"2021-06-08T01:12:29","slug":"designacion-de-nueva-directora-trajo-mejoras-al-ipasme-altagracia","status":"publish","type":"post","link":"https:\/\/webdealta.info\/?p=2330","title":{"rendered":"Designaci\u00f3n de nueva directora trajo mejoras al Ipasme-Altagracia"},"content":{"rendered":"\n<p>Amanda Saldivia.-<\/p>\n\n\n\n<p>Reactivaci\u00f3n de servicios, b\u00fasqueda de insumos, coordinaci\u00f3n de atenci\u00f3n a docentes activos, jubilados y comunidad, adem\u00e1s de la contrataci\u00f3n de m\u00e9dicos especialistas, forman parte de las primeras acciones de la profesora Mar\u00eda Ortu\u00f1o Rojas, directora del Ipasme-Altagracia, Gu\u00e1rico, quien fue designada hace 14 d\u00edas por la Junta Administradora nacional de esa instituci\u00f3n.<\/p>\n\n\n\n<p>En declaraciones ofrecidas a la Web de Altagracia, en la ma\u00f1ana de este lunes siete de junio, precis\u00f3 que desde que asumi\u00f3 el cargo estableci\u00f3 un plan de trabajo que incluy\u00f3 motivaci\u00f3n al personal para posteriormente avanzar en tareas primordiales como la limpieza y desinfecci\u00f3n de la instituci\u00f3n, en la cual particip\u00f3 toda la familia del Ipasme, entre ellos m\u00e9dicos, enfermeras, personal administrativo y obrero, como parte de las acciones necesarias para garantizar una atenci\u00f3n en el marco de las medidas de bioseguridad por la pandemia de covid-19.<\/p>\n\n\n\n<p>La profesora Mar\u00eda Ortu\u00f1o anunci\u00f3 que luego de un a\u00f1o paralizado, este martes comenzar\u00e1 a funcionar el servicio de odontolog\u00eda, con una programaci\u00f3n de seis pacientes diarios, con \u00e9nfasis en el personal de la instituci\u00f3n, maestros jubilados, activos y comunidad.<\/p>\n\n\n\n<p>Igualmente gestiona los reactivos para retomar el servicio de Rayos X y complementar los ex\u00e1menes que actualmente se realizan en el laboratorio, ya que est\u00e1n limitados a heces, orina y glicemia, lo que no es suficiente para el detecci\u00f3n de enfermedades.<\/p>\n\n\n\n<p>Al mencionar el horario de atenci\u00f3n, dijo que motivado a la pandemia trabajan toda la semana de 7:00 am a 11:00 am y con la rotaci\u00f3n del personal como medida de prevenci\u00f3n, pero sin perder la misi\u00f3n de atender a los docentes de esta regi\u00f3n, quienes solicitan que el Ipasme recupere los servicios de los cuales dispon\u00eda.<\/p>\n\n\n\n<p>Entre las novedades que forman parte del plan de mejoras del Ipasme, la profesora Mar\u00eda Ortu\u00f1o mencion\u00f3 la incorporaci\u00f3n del \u00e1rea de Medicina Alternativa, con masajes, reflexolog\u00eda podal y acupuntura, servicio que espera poder inaugurar pr\u00f3ximamente.<\/p>\n\n\n\n<p>@amandasaldivia<\/p>\n\n\n\n<p><\/p>\n","protected":false},"excerpt":{"rendered":"<p>Amanda Saldivia.- Reactivaci\u00f3n de servicios, b\u00fasqueda de insumos, coordinaci\u00f3n de atenci\u00f3n a docentes activos, jubilados y comunidad, adem\u00e1s de la contrataci\u00f3n de m\u00e9dicos especialistas, forman parte de las primeras acciones de la profesora Mar\u00eda Ortu\u00f1o Rojas, directora del Ipasme-Altagracia, Gu\u00e1rico, quien fue designada hace 14 d\u00edas por la Junta Administradora<\/p>\n","protected":false},"author":2,"featured_media":2331,"comment_status":"open","ping_status":"open","sticky":false,"template":"","format":"standard","meta":{"advanced_seo_description":"","jetpack_seo_html_title":"","jetpack_seo_noindex":false,"_jetpack_memberships_contains_paid_content":false,"footnotes":"","jetpack_publicize_message":"","jetpack_publicize_feature_enabled":true,"jetpack_social_post_already_shared":true,"jetpack_social_options":{"image_generator_settings":{"template":"highway","enabled":false},"version":2}},"categories":[12],"tags":[8,7,240],"class_list":["post-2330","post","type-post","status-publish","format-standard","has-post-thumbnail","hentry","category-salud","tag-altagraciadeorituco","tag-guarico","tag-ipasme",""],"jetpack_publicize_connections":[],"jetpack_featured_media_url":"https:\/\/webdealta.info\/wp-content\/uploads\/2021\/06\/profesora-Maria-Ortuno-webdealta.jpg","jetpack_sharing_enabled":true,"jetpack_likes_enabled":true,"jetpack-related-posts":[],"jetpack_shortlink":"https:\/\/wp.me\/pcseDn-BA","_links":{"self":[{"href":"https:\/\/webdealta.info\/index.php?rest_route=\/wp\/v2\/posts\/2330","targetHints":{"allow":["GET"]}}],"collection":[{"href":"https:\/\/webdealta.info\/index.php?rest_route=\/wp\/v2\/posts"}],"about":[{"href":"https:\/\/webdealta.info\/index.php?rest_route=\/wp\/v2\/types\/post"}],"author":[{"embeddable":true,"href":"https:\/\/webdealta.info\/index.php?rest_route=\/wp\/v2\/users\/2"}],"replies":[{"embeddable":true,"href":"https:\/\/webdealta.info\/index.php?rest_route=%2Fwp%2Fv2%2Fcomments&post=2330"}],"version-history":[{"count":1,"href":"https:\/\/webdealta.info\/index.php?rest_route=\/wp\/v2\/posts\/2330\/revisions"}],"predecessor-version":[{"id":2332,"href":"https:\/\/webdealta.info\/index.php?rest_route=\/wp\/v2\/posts\/2330\/revisions\/2332"}],"wp:featuredmedia":[{"embeddable":true,"href":"https:\/\/webdealta.info\/index.php?rest_route=\/wp\/v2\/media\/2331"}],"wp:attachment":[{"href":"https:\/\/webdealta.info\/index.php?rest_route=%2Fwp%2Fv2%2Fmedia&parent=2330"}],"wp:term":[{"taxonomy":"category","embeddable":true,"href":"https:\/\/webdealta.info\/index.php?rest_route=%2Fwp%2Fv2%2Fcategories&post=2330"},{"taxonomy":"post_tag","embeddable":true,"href":"https:\/\/webdealta.info\/index.php?rest_route=%2Fwp%2Fv2%2Ftags&post=2330"}],"curies":[{"name":"wp","href":"https:\/\/api.w.org\/{rel}","templated":true}]}}