{"id":2324,"date":"2021-06-07T08:59:30","date_gmt":"2021-06-07T12:59:30","guid":{"rendered":"https:\/\/webdealta.info\/?p=2324"},"modified":"2021-06-07T08:59:32","modified_gmt":"2021-06-07T12:59:32","slug":"vecinos-rehabilitan-vialidad-de-terrazas-de-altagracia","status":"publish","type":"post","link":"https:\/\/webdealta.info\/?p=2324","title":{"rendered":"Vecinos rehabilitan vialidad de Terrazas de Altagracia"},"content":{"rendered":"\n<p>Amanda Saldivia.-<\/p>\n\n\n\n<p>Con la contrataci\u00f3n de maquinaria, un cami\u00f3n volteo para trasladar el granz\u00f3n y el trabajo de vecinos, se logr\u00f3 la rehabilitaci\u00f3n de la vialidad que comunica al sector Terrazas de Altagracia, ubicado en Altagracia de Orituco, Gu\u00e1rico.<\/p>\n\n\n\n<p>Esta iniciativa ciudadana se concret\u00f3 el domingo seis de junio y de acuerdo al testimonio de Carmen Luisa Armas, la idea fue expuesta en una asamblea que convoc\u00f3 a los fines de animar a la comunidad a realizar los trabajos por autogesti\u00f3n, en virtud del deterioro de la v\u00eda de acceso.<\/p>\n\n\n\n<p>Explic\u00f3 que aproximadamente 70 familias aportaron recursos, aparte de instituciones asentadas en esa zona, para contratar seis horas de maquinaria y cancelar el traslado del granz\u00f3n, lo que permiti\u00f3 mejorar significativamente la vialidad, la cual estaba tan deteriorada que las l\u00edneas de taxis no quer\u00edan prestar el servicio en la zona.<\/p>\n\n\n\n<p>Relat\u00f3 que la participaci\u00f3n de los vecinos fue notoria y que est\u00e1n animados a continuar gestiones similares, adem\u00e1s de solicitar mejoras al alumbrado p\u00fablico.<\/p>\n\n\n\n<p>@amandasaldivia<\/p>\n\n\n\n<p><\/p>\n","protected":false},"excerpt":{"rendered":"<p>Amanda Saldivia.- Con la contrataci\u00f3n de maquinaria, un cami\u00f3n volteo para trasladar el granz\u00f3n y el trabajo de vecinos, se logr\u00f3 la rehabilitaci\u00f3n de la vialidad que comunica al sector Terrazas de Altagracia, ubicado en Altagracia de Orituco, Gu\u00e1rico. Esta iniciativa ciudadana se concret\u00f3 el domingo seis de junio y<\/p>\n","protected":false},"author":2,"featured_media":2325,"comment_status":"open","ping_status":"open","sticky":false,"template":"","format":"standard","meta":{"advanced_seo_description":"","jetpack_seo_html_title":"","jetpack_seo_noindex":false,"_jetpack_memberships_contains_paid_content":false,"footnotes":"","jetpack_publicize_message":"","jetpack_publicize_feature_enabled":true,"jetpack_social_post_already_shared":true,"jetpack_social_options":{"image_generator_settings":{"template":"highway","enabled":false},"version":2}},"categories":[50],"tags":[8,214,7,32],"class_list":["post-2324","post","type-post","status-publish","format-standard","has-post-thumbnail","hentry","category-iniciativas-ciudadanas","tag-altagraciadeorituco","tag-ciudadanos","tag-guarico","tag-webdealta",""],"jetpack_publicize_connections":[],"jetpack_featured_media_url":"https:\/\/webdealta.info\/wp-content\/uploads\/2021\/06\/terrazas-de-altagracia-webdealta.png","jetpack_sharing_enabled":true,"jetpack_likes_enabled":true,"jetpack-related-posts":[],"jetpack_shortlink":"https:\/\/wp.me\/pcseDn-Bu","_links":{"self":[{"href":"https:\/\/webdealta.info\/index.php?rest_route=\/wp\/v2\/posts\/2324","targetHints":{"allow":["GET"]}}],"collection":[{"href":"https:\/\/webdealta.info\/index.php?rest_route=\/wp\/v2\/posts"}],"about":[{"href":"https:\/\/webdealta.info\/index.php?rest_route=\/wp\/v2\/types\/post"}],"author":[{"embeddable":true,"href":"https:\/\/webdealta.info\/index.php?rest_route=\/wp\/v2\/users\/2"}],"replies":[{"embeddable":true,"href":"https:\/\/webdealta.info\/index.php?rest_route=%2Fwp%2Fv2%2Fcomments&post=2324"}],"version-history":[{"count":1,"href":"https:\/\/webdealta.info\/index.php?rest_route=\/wp\/v2\/posts\/2324\/revisions"}],"predecessor-version":[{"id":2326,"href":"https:\/\/webdealta.info\/index.php?rest_route=\/wp\/v2\/posts\/2324\/revisions\/2326"}],"wp:featuredmedia":[{"embeddable":true,"href":"https:\/\/webdealta.info\/index.php?rest_route=\/wp\/v2\/media\/2325"}],"wp:attachment":[{"href":"https:\/\/webdealta.info\/index.php?rest_route=%2Fwp%2Fv2%2Fmedia&parent=2324"}],"wp:term":[{"taxonomy":"category","embeddable":true,"href":"https:\/\/webdealta.info\/index.php?rest_route=%2Fwp%2Fv2%2Fcategories&post=2324"},{"taxonomy":"post_tag","embeddable":true,"href":"https:\/\/webdealta.info\/index.php?rest_route=%2Fwp%2Fv2%2Ftags&post=2324"}],"curies":[{"name":"wp","href":"https:\/\/api.w.org\/{rel}","templated":true}]}}