{"id":2313,"date":"2021-06-06T16:52:36","date_gmt":"2021-06-06T20:52:36","guid":{"rendered":"https:\/\/webdealta.info\/?p=2313"},"modified":"2021-06-06T16:52:37","modified_gmt":"2021-06-06T20:52:37","slug":"es-oficial-dra-elba-atencio-candidata-a-la-alcaldia-del-municipio-monagas","status":"publish","type":"post","link":"https:\/\/webdealta.info\/?p=2313","title":{"rendered":"Es oficial: Dra. Elba Atencio candidata a la alcald\u00eda del municipio Monagas"},"content":{"rendered":"\n<p>Amanda Saldivia.-<\/p>\n\n\n\n<p>Por el m\u00e9todo del consenso fue escogida de la Dra. Elba Atencio (MAS), como candidata a la alcald\u00eda del municipio Monagas, con el apoyo de un grupo de partidos que integran la plataforma unitaria denominada Alianza Democr\u00e1tica, Unidad Superior, en la cual tambi\u00e9n estaban como opciones para esta regi\u00f3n guarique\u00f1a Jos\u00e9 Medina (AVP) y Juan Gonz\u00e1lez (AD).<\/p>\n\n\n\n<p>Al ser consultada sobre la candidatura, la Dra. Elba Atencio precis\u00f3 que partidos que constituyen parte de la oposici\u00f3n en el pa\u00eds decidieron construir en enero de este a\u00f1o \u201cun espacio de convergencia de todos y all\u00ed se firm\u00f3 un acta compromiso con las organizaciones para lograr candidaturas unitarias a las Alcald\u00edas, Concejos Municipales, Gobernaciones y Consejos Legislativos\u201d, en el cual se establecieron tres m\u00e9todos de escogencia consenso, encuestas y primarias.<\/p>\n\n\n\n<p>Agreg\u00f3 que en el caso del municipio Monagas se postularon tres aspirantes Jos\u00e9 Medina (AVP), Juan Gonz\u00e1lez (AD) y ella por el MAS, lo que llev\u00f3 a que el pasado dos de junio y por consenso se firmara el acta de proclamaci\u00f3n con el acuerdo alcanzado y el apoyo de esas organizaciones y precandidatos.<\/p>\n\n\n\n<p>Respecto a los dem\u00e1s cargos de escogencia, la Dra. Elba Atencio se\u00f1al\u00f3 que ser\u00e1 igualmente por consenso y aspira que \u201ceste contingente de hombres y mujeres de nuestro municipio tengan una oferta electoral que le habl\u00e9 a nuestra gente y donde se vea que si hay la posibilidad de rescatar los espacios donde el ciudadano de nuestras comunidades puedan ir en b\u00fasqueda de soluciones a sus problem\u00e1ticas, que sabemos que son bastantes\u201d.<\/p>\n\n\n\n<p>La Dra. Atencio dijo que desde \u201cesa plataforma electoral deseamos estimular al electorado a ejercer el voto que es la \u00fanica arma que poseemos los venezolanos e invitamos a todos a unirse en pro de rescate del Orituco y para hacer lo que siempre hemos sido, una tierra de gracias, para propios y extra\u00f1os\u00bb.<\/p>\n\n\n\n<p>Al mencionar los partidos que forman parte de la Alianza Democr\u00e1tica, Unidad Superior indic\u00f3 que son \u201cAD, COPEI, Avanzada Progresista, Esperanza por el Cambio, COMPA, OPINA, Unidad Visi\u00f3n Venezuela, Bandera Roja, REDES, Cambiemos, Primero Venezuela, Venezuela Unida, Pro-ciudadanos, Alianza Centro, Soluciones, Movimiento Ecol\u00f3gico, Voluntad Popular, UPP88, NUVIPA, Construyendo Pa\u00eds, MIN Unidad, Movimiento Republicano y esperando la adhesi\u00f3n de otros partidos que fueron habilitados recientemente\u201d.<\/p>\n\n\n\n<p>@amandasaldivia<\/p>\n\n\n\n<p><\/p>\n","protected":false},"excerpt":{"rendered":"<p>Amanda Saldivia.- Por el m\u00e9todo del consenso fue escogida de la Dra. Elba Atencio (MAS), como candidata a la alcald\u00eda del municipio Monagas, con el apoyo de un grupo de partidos que integran la plataforma unitaria denominada Alianza Democr\u00e1tica, Unidad Superior, en la cual tambi\u00e9n estaban como opciones para esta<\/p>\n","protected":false},"author":2,"featured_media":2315,"comment_status":"open","ping_status":"open","sticky":false,"template":"","format":"standard","meta":{"advanced_seo_description":"","jetpack_seo_html_title":"","jetpack_seo_noindex":false,"_jetpack_memberships_contains_paid_content":false,"footnotes":"","jetpack_publicize_message":"","jetpack_publicize_feature_enabled":true,"jetpack_social_post_already_shared":true,"jetpack_social_options":{"image_generator_settings":{"template":"highway","enabled":false},"version":2}},"categories":[225],"tags":[86,7,32],"class_list":["post-2313","post","type-post","status-publish","format-standard","has-post-thumbnail","hentry","category-candidatura","tag-elecciones","tag-guarico","tag-webdealta",""],"jetpack_publicize_connections":[],"jetpack_featured_media_url":"https:\/\/webdealta.info\/wp-content\/uploads\/2021\/06\/candidata-Elba-Atencio-webdealta.jpg","jetpack_sharing_enabled":true,"jetpack_likes_enabled":true,"jetpack-related-posts":[],"jetpack_shortlink":"https:\/\/wp.me\/pcseDn-Bj","_links":{"self":[{"href":"https:\/\/webdealta.info\/index.php?rest_route=\/wp\/v2\/posts\/2313","targetHints":{"allow":["GET"]}}],"collection":[{"href":"https:\/\/webdealta.info\/index.php?rest_route=\/wp\/v2\/posts"}],"about":[{"href":"https:\/\/webdealta.info\/index.php?rest_route=\/wp\/v2\/types\/post"}],"author":[{"embeddable":true,"href":"https:\/\/webdealta.info\/index.php?rest_route=\/wp\/v2\/users\/2"}],"replies":[{"embeddable":true,"href":"https:\/\/webdealta.info\/index.php?rest_route=%2Fwp%2Fv2%2Fcomments&post=2313"}],"version-history":[{"count":1,"href":"https:\/\/webdealta.info\/index.php?rest_route=\/wp\/v2\/posts\/2313\/revisions"}],"predecessor-version":[{"id":2316,"href":"https:\/\/webdealta.info\/index.php?rest_route=\/wp\/v2\/posts\/2313\/revisions\/2316"}],"wp:featuredmedia":[{"embeddable":true,"href":"https:\/\/webdealta.info\/index.php?rest_route=\/wp\/v2\/media\/2315"}],"wp:attachment":[{"href":"https:\/\/webdealta.info\/index.php?rest_route=%2Fwp%2Fv2%2Fmedia&parent=2313"}],"wp:term":[{"taxonomy":"category","embeddable":true,"href":"https:\/\/webdealta.info\/index.php?rest_route=%2Fwp%2Fv2%2Fcategories&post=2313"},{"taxonomy":"post_tag","embeddable":true,"href":"https:\/\/webdealta.info\/index.php?rest_route=%2Fwp%2Fv2%2Ftags&post=2313"}],"curies":[{"name":"wp","href":"https:\/\/api.w.org\/{rel}","templated":true}]}}