{"id":2287,"date":"2021-06-01T13:25:31","date_gmt":"2021-06-01T17:25:31","guid":{"rendered":"https:\/\/webdealta.info\/?p=2287"},"modified":"2021-06-01T13:25:33","modified_gmt":"2021-06-01T17:25:33","slug":"accion-democratica-con-dos-sedes-en-altagracia","status":"publish","type":"post","link":"https:\/\/webdealta.info\/?p=2287","title":{"rendered":"Acci\u00f3n Democr\u00e1tica con dos sedes en Altagracia"},"content":{"rendered":"\n<p>Amanda Saldivia.-<\/p>\n\n\n\n<p>Ahora Acci\u00f3n Democr\u00e1tica tiene dos sedes en Altagracia de Orituco, Gu\u00e1rico, y ambos grupos se re\u00fanen con militantes de esa tolda pol\u00edtica, como ocurri\u00f3 el pasado fin de semana cuando abri\u00f3 la casa que agrupa a quienes siguen la l\u00ednea de Bernab\u00e9 Guti\u00e9rrez, dirigente que maneja AD por decisi\u00f3n del Tribunal Supremo de Justicia.<\/p>\n\n\n\n<p>A la inauguraci\u00f3n acudi\u00f3 Antonio Mugueza, Secretario General Seccional, quien en medio de la asamblea dijo que \u201cAD no sigue hombres\u201d, eso en referencia a Henry Ramos Allup, quien afirma que la Acci\u00f3n Democr\u00e1tica leg\u00edtima la dirige \u00e9l a nivel nacional y desde un primer momento rechaz\u00f3 la decisi\u00f3n tomada por el TSJ.<\/p>\n\n\n\n<p>Al ofrecer declaraciones Antonio Mugueza dijo que \u201cAcci\u00f3n Democr\u00e1tica est\u00e1 aceitando su maquinaria para participar en las mega elecciones del 21 de noviembre y va a estar en el tarjet\u00f3n electoral, la tarjeta de Juan Bimba, la tarjeta blanca con su escudo, como en 79 a\u00f1os hemos estado presente, somos un partido eminentemente democr\u00e1tico y que creemos en la herramienta del voto para lograr las grandes transformaciones\u201d.<\/p>\n\n\n\n<p>Reconoci\u00f3 que el conflicto interno contin\u00faa, de all\u00ed que llam\u00f3 a la \u201cunidad del partido, bajo los principios de solidaridad, de fraternidad e igualdad, buscando la unidad afectiva entre nosotros los adecos para que podamos resolver los problemas a lo interno del partido, este es un partido hist\u00f3rico, que ha sido formado y fundado por los mejores hombres y las mejores mujeres\u201d.<\/p>\n\n\n\n<p>Al referirse a las candidaturas a las alcald\u00edas de Gu\u00e1rico, precis\u00f3 que se han puesto de acuerdo en 8 y este mi\u00e9rcoles 2 de junio se definir\u00e1 el resto, entre ellas la del municipio Monagas, donde ya figuran como precandidatos Elba Atencio (MAS), Juan Gonz\u00e1lez (AD) y est\u00e1 por firmar Romer Lagrutta (Copei).<\/p>\n\n\n\n<p>Explic\u00f3 que una vez definidas las alcald\u00edas pasan a los aspirantes a los Concejos Municipales y al Consejo Legislativo.<\/p>\n\n\n\n<p>Durante el desarrollo de la asamblea se not\u00f3 la confusi\u00f3n en algunos militantes, quienes lamentan que AD est\u00e9 pasando por una divisi\u00f3n.<\/p>\n\n\n\n<p><\/p>\n","protected":false},"excerpt":{"rendered":"<p>Amanda Saldivia.- Ahora Acci\u00f3n Democr\u00e1tica tiene dos sedes en Altagracia de Orituco, Gu\u00e1rico, y ambos grupos se re\u00fanen con militantes de esa tolda pol\u00edtica, como ocurri\u00f3 el pasado fin de semana cuando abri\u00f3 la casa que agrupa a quienes siguen la l\u00ednea de Bernab\u00e9 Guti\u00e9rrez, dirigente que maneja AD por<\/p>\n","protected":false},"author":2,"featured_media":2288,"comment_status":"open","ping_status":"open","sticky":false,"template":"","format":"standard","meta":{"advanced_seo_description":"","jetpack_seo_html_title":"","jetpack_seo_noindex":false,"_jetpack_memberships_contains_paid_content":false,"footnotes":"","jetpack_publicize_message":"","jetpack_publicize_feature_enabled":true,"jetpack_social_post_already_shared":true,"jetpack_social_options":{"image_generator_settings":{"template":"highway","enabled":false},"version":2}},"categories":[142],"tags":[157,8,7],"class_list":["post-2287","post","type-post","status-publish","format-standard","has-post-thumbnail","hentry","category-politica","tag-ad","tag-altagraciadeorituco","tag-guarico",""],"jetpack_publicize_connections":[],"jetpack_featured_media_url":"https:\/\/webdealta.info\/wp-content\/uploads\/2021\/06\/AD-webdealta-foto.jpg","jetpack_sharing_enabled":true,"jetpack_likes_enabled":true,"jetpack-related-posts":[],"jetpack_shortlink":"https:\/\/wp.me\/pcseDn-AT","_links":{"self":[{"href":"https:\/\/webdealta.info\/index.php?rest_route=\/wp\/v2\/posts\/2287","targetHints":{"allow":["GET"]}}],"collection":[{"href":"https:\/\/webdealta.info\/index.php?rest_route=\/wp\/v2\/posts"}],"about":[{"href":"https:\/\/webdealta.info\/index.php?rest_route=\/wp\/v2\/types\/post"}],"author":[{"embeddable":true,"href":"https:\/\/webdealta.info\/index.php?rest_route=\/wp\/v2\/users\/2"}],"replies":[{"embeddable":true,"href":"https:\/\/webdealta.info\/index.php?rest_route=%2Fwp%2Fv2%2Fcomments&post=2287"}],"version-history":[{"count":1,"href":"https:\/\/webdealta.info\/index.php?rest_route=\/wp\/v2\/posts\/2287\/revisions"}],"predecessor-version":[{"id":2289,"href":"https:\/\/webdealta.info\/index.php?rest_route=\/wp\/v2\/posts\/2287\/revisions\/2289"}],"wp:featuredmedia":[{"embeddable":true,"href":"https:\/\/webdealta.info\/index.php?rest_route=\/wp\/v2\/media\/2288"}],"wp:attachment":[{"href":"https:\/\/webdealta.info\/index.php?rest_route=%2Fwp%2Fv2%2Fmedia&parent=2287"}],"wp:term":[{"taxonomy":"category","embeddable":true,"href":"https:\/\/webdealta.info\/index.php?rest_route=%2Fwp%2Fv2%2Fcategories&post=2287"},{"taxonomy":"post_tag","embeddable":true,"href":"https:\/\/webdealta.info\/index.php?rest_route=%2Fwp%2Fv2%2Ftags&post=2287"}],"curies":[{"name":"wp","href":"https:\/\/api.w.org\/{rel}","templated":true}]}}