{"id":2265,"date":"2021-05-28T09:46:49","date_gmt":"2021-05-28T13:46:49","guid":{"rendered":"https:\/\/webdealta.info\/?p=2265"},"modified":"2021-05-31T22:10:59","modified_gmt":"2021-06-01T02:10:59","slug":"exploto-bombona-de-gas-vehicular-en-estacion-de-servicio","status":"publish","type":"post","link":"https:\/\/webdealta.info\/?p=2265","title":{"rendered":"Explot\u00f3 bombona de gas vehicular en estaci\u00f3n de servicio"},"content":{"rendered":"\n<p>Amanda Saldivia.-<\/p>\n\n\n\n<p>Solo da\u00f1os materiales al veh\u00edculo arroj\u00f3 la explosi\u00f3n de una bombona de gas que se registr\u00f3 a las 8:20 minutos de la ma\u00f1ana de este viernes 28 de mayo, en la estaci\u00f3n de servicios Urimare, ubicada en el sector Paural de Altagracia de Orituco, Gu\u00e1rico.<\/p>\n\n\n\n<p>El veh\u00edculo que sufri\u00f3 da\u00f1os producto de la explosi\u00f3n fue un cami\u00f3n Ford 350, color gris, placas A122CF10. La administraci\u00f3n de la estaci\u00f3n de servicio confirm\u00f3 que suspendi\u00f3 el despacho de gas vehicular, pero no precis\u00f3 hasta cu\u00e1ndo, adem\u00e1s de reiterar que afortunadamente no hubo lesionados.<\/p>\n\n\n\n<p>Este es el primer accidente que se registra en la estaci\u00f3n de servicio, la cual es la \u00fanica que presta el suministro de gas vehicular en esta poblaci\u00f3n. Habitantes de la zona reportaron haber sentido la fuerte explosi\u00f3n, mientras otros afirman que restos de la bombona y partes del veh\u00edculo fueron localizados a varios metros de donde se produjo la explosi\u00f3n.<\/p>\n\n\n\n<p>Al lugar se present\u00f3 una comisi\u00f3n del Cuerpo de Bomberos Andr\u00e9 Fourneau, comandada por el coronel Denis Dur\u00e1n. Iniciar\u00e1n las investigaciones de rigor. <\/p>\n","protected":false},"excerpt":{"rendered":"<p>Amanda Saldivia.- Solo da\u00f1os materiales al veh\u00edculo arroj\u00f3 la explosi\u00f3n de una bombona de gas que se registr\u00f3 a las 8:20 minutos de la ma\u00f1ana de este viernes 28 de mayo, en la estaci\u00f3n de servicios Urimare, ubicada en el sector Paural de Altagracia de Orituco, Gu\u00e1rico. El veh\u00edculo que<\/p>\n","protected":false},"author":2,"featured_media":2284,"comment_status":"open","ping_status":"open","sticky":false,"template":"","format":"standard","meta":{"advanced_seo_description":"","jetpack_seo_html_title":"","jetpack_seo_noindex":false,"_jetpack_memberships_contains_paid_content":false,"footnotes":"","jetpack_publicize_message":"","jetpack_publicize_feature_enabled":true,"jetpack_social_post_already_shared":true,"jetpack_social_options":{"image_generator_settings":{"template":"highway","enabled":false},"version":2}},"categories":[234],"tags":[],"class_list":["post-2265","post","type-post","status-publish","format-standard","has-post-thumbnail","hentry","category-sucesos",""],"jetpack_publicize_connections":[],"jetpack_featured_media_url":"https:\/\/webdealta.info\/wp-content\/uploads\/2021\/05\/foto-camion-webdealta.jpg","jetpack_sharing_enabled":true,"jetpack_likes_enabled":true,"jetpack-related-posts":[],"jetpack_shortlink":"https:\/\/wp.me\/pcseDn-Ax","_links":{"self":[{"href":"https:\/\/webdealta.info\/index.php?rest_route=\/wp\/v2\/posts\/2265","targetHints":{"allow":["GET"]}}],"collection":[{"href":"https:\/\/webdealta.info\/index.php?rest_route=\/wp\/v2\/posts"}],"about":[{"href":"https:\/\/webdealta.info\/index.php?rest_route=\/wp\/v2\/types\/post"}],"author":[{"embeddable":true,"href":"https:\/\/webdealta.info\/index.php?rest_route=\/wp\/v2\/users\/2"}],"replies":[{"embeddable":true,"href":"https:\/\/webdealta.info\/index.php?rest_route=%2Fwp%2Fv2%2Fcomments&post=2265"}],"version-history":[{"count":1,"href":"https:\/\/webdealta.info\/index.php?rest_route=\/wp\/v2\/posts\/2265\/revisions"}],"predecessor-version":[{"id":2267,"href":"https:\/\/webdealta.info\/index.php?rest_route=\/wp\/v2\/posts\/2265\/revisions\/2267"}],"wp:featuredmedia":[{"embeddable":true,"href":"https:\/\/webdealta.info\/index.php?rest_route=\/wp\/v2\/media\/2284"}],"wp:attachment":[{"href":"https:\/\/webdealta.info\/index.php?rest_route=%2Fwp%2Fv2%2Fmedia&parent=2265"}],"wp:term":[{"taxonomy":"category","embeddable":true,"href":"https:\/\/webdealta.info\/index.php?rest_route=%2Fwp%2Fv2%2Fcategories&post=2265"},{"taxonomy":"post_tag","embeddable":true,"href":"https:\/\/webdealta.info\/index.php?rest_route=%2Fwp%2Fv2%2Ftags&post=2265"}],"curies":[{"name":"wp","href":"https:\/\/api.w.org\/{rel}","templated":true}]}}