{"id":2250,"date":"2021-05-26T16:13:50","date_gmt":"2021-05-26T20:13:50","guid":{"rendered":"https:\/\/webdealta.info\/?p=2250"},"modified":"2021-05-31T21:55:24","modified_gmt":"2021-06-01T01:55:24","slug":"escasez-de-combustible-se-sentira-mas-fuerte-al-iniciar-el-ciclo-de-siembra","status":"publish","type":"post","link":"https:\/\/webdealta.info\/?p=2250","title":{"rendered":"Escasez de combustible se sentir\u00e1 m\u00e1s fuerte al iniciar el ciclo de siembra"},"content":{"rendered":"\n<p>Amanda Saldivia.-<\/p>\n\n\n\n<p>El Impacto de la Escasez de Combustible en el municipio Monagas, Gu\u00e1rico, fue el t\u00edtulo de foro chat que realiz\u00f3 Acci\u00f3n Campesina y el grupo social Cesap, por medio de Observatorio La Gente Propone este martes 25 de mayo, en el cual estuvo como ponente Celso Fantinel, recientemente designado presidente de Fedeagro y C\u00e9sar Augusto Ram\u00edrez, socio fundador de Apasygua; adem\u00e1s de los invitados especiales Jonny M\u00e9ndez, presidente de la l\u00ednea Hermanos Unidos y Jes\u00fas Daniel Ram\u00edrez, gerente de Vida Market.<\/p>\n\n\n\n<p>A Celso Fantinel le correspondi\u00f3 la visi\u00f3n nacional del impacto que traer\u00e1 para el agro la escasez de diesel y la calific\u00f3 de grave, porque el ciclo de invierno incrementa la demanda de este combustible para la siembra de ma\u00edz y arroz, \u201cque son cultivos extensivos, demandantes de mecanizaci\u00f3n, de insumos y tecnolog\u00eda\u201d y a manera de ejemplo cit\u00f3 que una hect\u00e1rea de ma\u00edz necesita alrededor de 110 litros y los inventarios no son suficientes en el pa\u00eds.<\/p>\n\n\n\n<p>Al referirse a las posibilidades efectiva de la producci\u00f3n de ma\u00edz en el occidente del pa\u00eds, la cual deber\u00eda culminar el ciclo de siembra el 30 de mayo, dijo que los directivos de Fedeagro reportan que en virtud del escaso inventario de diesel se estima que se sembrar\u00e1 una superficie entre el 10 y el 15 por ciento de las tierras disponibles en el eje Barinas, Portuguesa, Lara, Cojedes y Yaracuy.<\/p>\n\n\n\n<p>Celso Fantinel acot\u00f3 que en el oriente del pa\u00eds hay un poco m\u00e1s de disponibilidad de diesel en este momento, porque no est\u00e1 la demanda que generan las empresas del centro-occidente, pero considera que a partir del 5 de junio se sentir\u00e1 m\u00e1s el impacto de la escasez  todo el territorio nacional, porque la mayor\u00eda de los productores estar\u00e1n dedicados a la siembra de ma\u00edz y sorgo.<\/p>\n\n\n\n<p>En su intervenci\u00f3n en el foro, reiter\u00f3 que \u201cno van a parar, porque eso est\u00e1 en el ADN\u201d y destac\u00f3 el \u201cgran compromiso que tienen todos los productores y los ganaderos para producir los alimentos en cantidad y calidad, por supuesto con unas terribles deficiencias y que todo juega en contra\u201d.<\/p>\n\n\n\n<p>Como mencionamos, otro de los ponentes del foro chat fue C\u00e9sar Augusto Ram\u00edrez, gerente de Agro Ram y miembro fundador de la asociaci\u00f3n Apasygua con sede en Altagracia de Orituco, quien en su intervenci\u00f3n dijo que para sembrar tan solo 3000 mil hect\u00e1reas de ma\u00edz, 5000 de sorgo y 400 de hortalizas en el municipio Monagas se requiere 33 cisternas de diesel en las pr\u00f3ximas 6 semanas.<\/p>\n\n\n\n<p>Agreg\u00f3 que esa proyecci\u00f3n de hect\u00e1reas a sembrar no representa ni el 20 por ciento de la producci\u00f3n de hace cinco a\u00f1os, con el agravante de que ser\u00e1 dif\u00edcil cumplir, porque llega una cisterna&nbsp; a la semana la cual debe compartirse con el sector transporte pesado, p\u00fablico y necesidades de entes gubernamentales, adem\u00e1s de resto de las actividades del campo.<\/p>\n\n\n\n<p>Plante\u00f3 como soluci\u00f3n sincerar el discurso, que el gobierno diga cu\u00e1l es el inventario y que se permita la importaci\u00f3n de diesel para poder en los venideros ciclos recuperar la producci\u00f3n nacional.<\/p>\n\n\n\n<p>El sector del transporte p\u00fablico tambi\u00e9n particip\u00f3 en el foro chat representado por Jonny M\u00e9ndez, presidente de la l\u00ednea Hermanos Unidos, quien dijo que la escasez de gasolina y diesel ha impactado en el gremio con la disminuci\u00f3n de la flota, dificultades para cumplir las rutas y el poco combustible que llega debe ser distribuido entre los sectores priorizados, lo que ha afectado al sector en la desmejora del servicio y en menos ingresos para quienes se dedican a esta actividad.<\/p>\n\n\n\n<p>Tambi\u00e9n destac\u00f3 la participaci\u00f3n de Jes\u00fas Daniel Ram\u00edrez, productor y gerente de Vida Market, quien en la disertaci\u00f3n sobre el impacto de la escasez de combustible en esta regi\u00f3n desde la visi\u00f3n del \u00e1rea comercial, precis\u00f3 que es un reto adaptar el precio de la gasolina a precio internacional a la estructura costos en \u00e1reas como el transporte, debido a lo comprimido que est\u00e1 el poder adquisitivo de los consumidores, compuestos principalmente por empleados p\u00fablicos. &nbsp;<\/p>\n\n\n\n<p>Por \u00faltimo, se\u00f1al\u00f3 que si hay oportunidades, pero estas pasan por mayores esfuerzos para asociarse los comerciantes y buscar estrategias, como por ejemplo traslado de mercanc\u00edas en conjunto para abaratar costos y brindar mayores servicios a los clientes para que se sientan satisfechos. <\/p>\n","protected":false},"excerpt":{"rendered":"<p>Amanda Saldivia.- El Impacto de la Escasez de Combustible en el municipio Monagas, Gu\u00e1rico, fue el t\u00edtulo de foro chat que realiz\u00f3 Acci\u00f3n Campesina y el grupo social Cesap, por medio de Observatorio La Gente Propone este martes 25 de mayo, en el cual estuvo como ponente Celso Fantinel, recientemente<\/p>\n","protected":false},"author":2,"featured_media":2281,"comment_status":"open","ping_status":"open","sticky":false,"template":"","format":"standard","meta":{"advanced_seo_description":"","jetpack_seo_html_title":"","jetpack_seo_noindex":false,"_jetpack_memberships_contains_paid_content":false,"footnotes":"","jetpack_publicize_message":"","jetpack_publicize_feature_enabled":true,"jetpack_social_post_already_shared":true,"jetpack_social_options":{"image_generator_settings":{"template":"highway","enabled":false},"version":2}},"categories":[19],"tags":[],"class_list":["post-2250","post","type-post","status-publish","format-standard","has-post-thumbnail","hentry","category-agro",""],"jetpack_publicize_connections":[],"jetpack_featured_media_url":"https:\/\/webdealta.info\/wp-content\/uploads\/2021\/05\/Celso-Fantinel-webdealta-fedeagro.jpg","jetpack_sharing_enabled":true,"jetpack_likes_enabled":true,"jetpack-related-posts":[],"jetpack_shortlink":"https:\/\/wp.me\/pcseDn-Ai","_links":{"self":[{"href":"https:\/\/webdealta.info\/index.php?rest_route=\/wp\/v2\/posts\/2250","targetHints":{"allow":["GET"]}}],"collection":[{"href":"https:\/\/webdealta.info\/index.php?rest_route=\/wp\/v2\/posts"}],"about":[{"href":"https:\/\/webdealta.info\/index.php?rest_route=\/wp\/v2\/types\/post"}],"author":[{"embeddable":true,"href":"https:\/\/webdealta.info\/index.php?rest_route=\/wp\/v2\/users\/2"}],"replies":[{"embeddable":true,"href":"https:\/\/webdealta.info\/index.php?rest_route=%2Fwp%2Fv2%2Fcomments&post=2250"}],"version-history":[{"count":3,"href":"https:\/\/webdealta.info\/index.php?rest_route=\/wp\/v2\/posts\/2250\/revisions"}],"predecessor-version":[{"id":2282,"href":"https:\/\/webdealta.info\/index.php?rest_route=\/wp\/v2\/posts\/2250\/revisions\/2282"}],"wp:featuredmedia":[{"embeddable":true,"href":"https:\/\/webdealta.info\/index.php?rest_route=\/wp\/v2\/media\/2281"}],"wp:attachment":[{"href":"https:\/\/webdealta.info\/index.php?rest_route=%2Fwp%2Fv2%2Fmedia&parent=2250"}],"wp:term":[{"taxonomy":"category","embeddable":true,"href":"https:\/\/webdealta.info\/index.php?rest_route=%2Fwp%2Fv2%2Fcategories&post=2250"},{"taxonomy":"post_tag","embeddable":true,"href":"https:\/\/webdealta.info\/index.php?rest_route=%2Fwp%2Fv2%2Ftags&post=2250"}],"curies":[{"name":"wp","href":"https:\/\/api.w.org\/{rel}","templated":true}]}}