{"id":2242,"date":"2021-05-25T14:35:28","date_gmt":"2021-05-25T18:35:28","guid":{"rendered":"https:\/\/webdealta.info\/?p=2242"},"modified":"2021-05-25T14:35:31","modified_gmt":"2021-05-25T18:35:31","slug":"alcaldesa-tania-sierra-ni-me-niego-ni-me-ofrezco","status":"publish","type":"post","link":"https:\/\/webdealta.info\/?p=2242","title":{"rendered":"Alcaldesa Tania Sierra: \u201cni me niego ni me ofrezco\u201d"},"content":{"rendered":"\n<p>Amanda Saldivia.-<\/p>\n\n\n\n<p>Con la frase \u201cni me niego ni me ofrezco\u201d la alcaldesa Tania Sierra respondi\u00f3 a la interrogante de su posible reelecci\u00f3n al cargo que desempe\u00f1a en el municipio Monagas, Gu\u00e1rico, a partir de los comicios celebrados el 10 de diciembre de 2017, fecha en la cual result\u00f3 electa con las siglas del PSUV y otras organizaciones pol\u00edticas del llamado Polo Patri\u00f3tico.<\/p>\n\n\n\n<p>La respuesta de la alcaldesa Tania Sierra la dio al participar como invitada en el &nbsp;programa Tiempo de Cambios de este lunes 24 de mayo, espacio que conduce la redactora de esta nota en la emisora Guara\u00f1a 97.5 FM, ubicada en Altagracia de Orituco.<\/p>\n\n\n\n<p>Aunque la entrevista no se centr\u00f3 exclusivamente en el tema electoral, estaba latente la decisi\u00f3n que tomar\u00eda a direcci\u00f3n nacional del PSUV, respecto a la escogencia de los candidatos a las elecciones municipales y regionales, lo que ya se conoce ser\u00e1 por postulaciones de la militancia.<\/p>\n\n\n\n<p>Durante el desarrollo de la entrevista varios fueron los puntos abordados, entre ellos los acuerdos alcanzados con un grupo de carniceros, productores e intermediarios, quienes ese lunes tomaron las instalaciones del Matadero Municipal, por considerar que no est\u00e1 siendo manejado correctamente, lo que dicen se evidencia en el deterioro de las instalaciones.<\/p>\n\n\n\n<p>Al respecto, la alcaldesa Tania Sierra se\u00f1al\u00f3 que el conflicto hab\u00eda cesado, que habr\u00e1 matanza este mi\u00e9rcoles 26 de mayo, eso como parte de los acuerdos alcanzados tras celebrar una mesa de trabajo con todos los involucrados, en la cual se dio un plazo de &nbsp;mes y medio para que la administraci\u00f3n cumpla con algunas exigencias, adem\u00e1s de revisar la estructura de costos de los servicios que cobra.<\/p>\n\n\n\n<p>Por otra parte, al abordar el tema de la paralizaci\u00f3n del plan de bacheo, la alcaldesa Tania Sierra puntualiz\u00f3 que se debe a un aditivo que la empresa no lo dispone en estos momentos, pero reiter\u00f3 que falta colocar 35 toneladas, fueron aprobadas 150 m\u00e1s por el gobernador Jos\u00e9 V\u00e1squez y otras 150 para la v\u00eda de Macaira.<\/p>\n\n\n\n<p>Ante la denuncia de que no hay actualmente en Altagracia servicios de Rayos X, ni en el Ipasme ni en el CDI, en medio de una pandemia y con tan elevado n\u00famero de casos sospechosos de covid-19, se\u00f1al\u00f3 que los directivos de ambas instituciones est\u00e1n haciendo las gestiones para conseguir &nbsp;los reactivos que hacen falta.<\/p>\n\n\n\n<p>Igualmente se abord\u00f3 el tema del gas dom\u00e9stico, a trav\u00e9s de la empresa gubernamental Digas Gu\u00e1rico, la cual presenta retrasos en la atenci\u00f3n de las comunidades del municipio Monagas, algunas con espera de despacho desde enero de este a\u00f1o. Al responder sobre esta inquietud de la comunidad, la alcaldesa dijo que sostendr\u00e1 un encuentro a los fines de apoyar a la gerente en el tema de los veh\u00edculos, los cuales est\u00e1n da\u00f1ados y es la causa de los problemas de distribuci\u00f3n a las 119 comunidades del municipio Monagas. <\/p>\n","protected":false},"excerpt":{"rendered":"<p>Amanda Saldivia.- Con la frase \u201cni me niego ni me ofrezco\u201d la alcaldesa Tania Sierra respondi\u00f3 a la interrogante de su posible reelecci\u00f3n al cargo que desempe\u00f1a en el municipio Monagas, Gu\u00e1rico, a partir de los comicios celebrados el 10 de diciembre de 2017, fecha en la cual result\u00f3 electa<\/p>\n","protected":false},"author":2,"featured_media":1414,"comment_status":"open","ping_status":"open","sticky":false,"template":"","format":"standard","meta":{"advanced_seo_description":"","jetpack_seo_html_title":"","jetpack_seo_noindex":false,"_jetpack_memberships_contains_paid_content":false,"footnotes":"","jetpack_publicize_message":"","jetpack_publicize_feature_enabled":true,"jetpack_social_post_already_shared":true,"jetpack_social_options":{"image_generator_settings":{"template":"highway","enabled":false},"version":2}},"categories":[142],"tags":[],"class_list":["post-2242","post","type-post","status-publish","format-standard","has-post-thumbnail","hentry","category-politica",""],"jetpack_publicize_connections":[],"jetpack_featured_media_url":"https:\/\/webdealta.info\/wp-content\/uploads\/2021\/02\/WhatsApp-Image-2021-02-02-at-9.00.47-PM-1.jpeg","jetpack_sharing_enabled":true,"jetpack_likes_enabled":true,"jetpack-related-posts":[],"jetpack_shortlink":"https:\/\/wp.me\/pcseDn-Aa","_links":{"self":[{"href":"https:\/\/webdealta.info\/index.php?rest_route=\/wp\/v2\/posts\/2242","targetHints":{"allow":["GET"]}}],"collection":[{"href":"https:\/\/webdealta.info\/index.php?rest_route=\/wp\/v2\/posts"}],"about":[{"href":"https:\/\/webdealta.info\/index.php?rest_route=\/wp\/v2\/types\/post"}],"author":[{"embeddable":true,"href":"https:\/\/webdealta.info\/index.php?rest_route=\/wp\/v2\/users\/2"}],"replies":[{"embeddable":true,"href":"https:\/\/webdealta.info\/index.php?rest_route=%2Fwp%2Fv2%2Fcomments&post=2242"}],"version-history":[{"count":1,"href":"https:\/\/webdealta.info\/index.php?rest_route=\/wp\/v2\/posts\/2242\/revisions"}],"predecessor-version":[{"id":2243,"href":"https:\/\/webdealta.info\/index.php?rest_route=\/wp\/v2\/posts\/2242\/revisions\/2243"}],"wp:featuredmedia":[{"embeddable":true,"href":"https:\/\/webdealta.info\/index.php?rest_route=\/wp\/v2\/media\/1414"}],"wp:attachment":[{"href":"https:\/\/webdealta.info\/index.php?rest_route=%2Fwp%2Fv2%2Fmedia&parent=2242"}],"wp:term":[{"taxonomy":"category","embeddable":true,"href":"https:\/\/webdealta.info\/index.php?rest_route=%2Fwp%2Fv2%2Fcategories&post=2242"},{"taxonomy":"post_tag","embeddable":true,"href":"https:\/\/webdealta.info\/index.php?rest_route=%2Fwp%2Fv2%2Ftags&post=2242"}],"curies":[{"name":"wp","href":"https:\/\/api.w.org\/{rel}","templated":true}]}}