{"id":2227,"date":"2021-05-23T22:30:35","date_gmt":"2021-05-24T02:30:35","guid":{"rendered":"https:\/\/webdealta.info\/?p=2227"},"modified":"2021-05-23T22:30:43","modified_gmt":"2021-05-24T02:30:43","slug":"seis-gracitanos-fallecidos-por-complicaciones-asociadas-al-covid-19","status":"publish","type":"post","link":"https:\/\/webdealta.info\/?p=2227","title":{"rendered":"Seis gracitanos fallecidos por complicaciones asociadas al Covid-19"},"content":{"rendered":"\n<p>Amanda Saldivia.-<\/p>\n\n\n\n<p>La tercera semana del mes de mayo culmina con seis gracitanos fallecidos por s\u00edntomas asociados al virus covid-19, cuatro de ellos recluidos en centros de Altagracia de Orituco y dos en la capital del estado Gu\u00e1rico, donde hab\u00edan sido trasladados en virtud de la gravedad de las complicaciones.<\/p>\n\n\n\n<p>De acuerdo al registro que pudimos obtener por medio de familiares, el primer fallecido de la semana fue un se\u00f1or de 59 a\u00f1os de edad que ingres\u00f3 el lunes a la sala de emergencia del hospital Dr. Jos\u00e9 Francisco Torrealba con neumon\u00eda y se presume que ese padecimiento respiratorio lo produjo el coronavirus.<\/p>\n\n\n\n<p>Otro deceso fue el martes y correspondi\u00f3 a una se\u00f1ora de 74 a\u00f1os de edad, quien estaba en la sala de aislamiento del hospital; mientras que en San Juan de los Morros otros dos gracitanos no superaron las complicaciones vinculadas a este virus. El mi\u00e9rcoles una paciente de 68 a\u00f1os y el jueves otro de 67 a\u00f1os de edad.<\/p>\n\n\n\n<p>Lamentablemente este domingo se registraron otros dos decesos. Un paciente de 60 a\u00f1os de edad recluido en la sala de aislamiento del hospital Dr. Jos\u00e9 Francisco Torrealba y en el Centro M\u00e9dico Orituco una de 78 a\u00f1os de edad.<\/p>\n\n\n\n<p>De acuerdo al registro que lleva este medio digital, en lo que van del mes de mayo&nbsp; han fallecido 11 gracitanos y los contagiados van en aumento, algunos &nbsp;hospitalizados y otros con tratamiento en casa.<\/p>\n\n\n\n<p>El denominador com\u00fan, en alguno de los casos, es creer que no se est\u00e1 contagiado, asociar los s\u00edntomas a gripes u otras patolog\u00edas, lo que retarda la atenci\u00f3n m\u00e9dica. <\/p>\n","protected":false},"excerpt":{"rendered":"<p>Amanda Saldivia.- La tercera semana del mes de mayo culmina con seis gracitanos fallecidos por s\u00edntomas asociados al virus covid-19, cuatro de ellos recluidos en centros de Altagracia de Orituco y dos en la capital del estado Gu\u00e1rico, donde hab\u00edan sido trasladados en virtud de la gravedad de las complicaciones.<\/p>\n","protected":false},"author":2,"featured_media":1084,"comment_status":"open","ping_status":"open","sticky":false,"template":"","format":"standard","meta":{"advanced_seo_description":"","jetpack_seo_html_title":"","jetpack_seo_noindex":false,"_jetpack_memberships_contains_paid_content":false,"footnotes":"","jetpack_publicize_message":"","jetpack_publicize_feature_enabled":true,"jetpack_social_post_already_shared":true,"jetpack_social_options":{"image_generator_settings":{"template":"highway","enabled":false},"version":2}},"categories":[195],"tags":[],"class_list":["post-2227","post","type-post","status-publish","format-standard","has-post-thumbnail","hentry","category-covid-19",""],"jetpack_publicize_connections":[],"jetpack_featured_media_url":"https:\/\/webdealta.info\/wp-content\/uploads\/2020\/12\/Hospital-de-Altagracia-webdealta.jpeg","jetpack_sharing_enabled":true,"jetpack_likes_enabled":true,"jetpack-related-posts":[],"jetpack_shortlink":"https:\/\/wp.me\/pcseDn-zV","_links":{"self":[{"href":"https:\/\/webdealta.info\/index.php?rest_route=\/wp\/v2\/posts\/2227","targetHints":{"allow":["GET"]}}],"collection":[{"href":"https:\/\/webdealta.info\/index.php?rest_route=\/wp\/v2\/posts"}],"about":[{"href":"https:\/\/webdealta.info\/index.php?rest_route=\/wp\/v2\/types\/post"}],"author":[{"embeddable":true,"href":"https:\/\/webdealta.info\/index.php?rest_route=\/wp\/v2\/users\/2"}],"replies":[{"embeddable":true,"href":"https:\/\/webdealta.info\/index.php?rest_route=%2Fwp%2Fv2%2Fcomments&post=2227"}],"version-history":[{"count":1,"href":"https:\/\/webdealta.info\/index.php?rest_route=\/wp\/v2\/posts\/2227\/revisions"}],"predecessor-version":[{"id":2229,"href":"https:\/\/webdealta.info\/index.php?rest_route=\/wp\/v2\/posts\/2227\/revisions\/2229"}],"wp:featuredmedia":[{"embeddable":true,"href":"https:\/\/webdealta.info\/index.php?rest_route=\/wp\/v2\/media\/1084"}],"wp:attachment":[{"href":"https:\/\/webdealta.info\/index.php?rest_route=%2Fwp%2Fv2%2Fmedia&parent=2227"}],"wp:term":[{"taxonomy":"category","embeddable":true,"href":"https:\/\/webdealta.info\/index.php?rest_route=%2Fwp%2Fv2%2Fcategories&post=2227"},{"taxonomy":"post_tag","embeddable":true,"href":"https:\/\/webdealta.info\/index.php?rest_route=%2Fwp%2Fv2%2Ftags&post=2227"}],"curies":[{"name":"wp","href":"https:\/\/api.w.org\/{rel}","templated":true}]}}