{"id":2214,"date":"2021-05-21T13:16:15","date_gmt":"2021-05-21T17:16:15","guid":{"rendered":"https:\/\/webdealta.info\/?p=2214"},"modified":"2021-05-21T13:16:19","modified_gmt":"2021-05-21T17:16:19","slug":"aumento-el-gas-domestico-y-no-mejora-la-distribucion","status":"publish","type":"post","link":"https:\/\/webdealta.info\/?p=2214","title":{"rendered":"Aument\u00f3 el gas dom\u00e9stico y no mejora la distribuci\u00f3n"},"content":{"rendered":"\n<p>Amanda Saldivia.-<\/p>\n\n\n\n<p>Por medio de un comunicado Digas Gu\u00e1rico, antiguo Gas Comunal, inform\u00f3 que a partir del 19 de mayo los cilindros de gas dom\u00e9stico tendr\u00e1n un nuevo precio, incremento que llega cuando la presi\u00f3n ciudadana est\u00e1 enfocada en mejorar la distribuci\u00f3n, la cual sigue con retrasos en el municipio Monagas, Gu\u00e1rico.<\/p>\n\n\n\n<p>De acuerdo al comunicado, los precios fijados son 1.283.000 bol\u00edvares por el cilindro de 10 Kg, 2.332.000 por el de 18 Kg. y la bombona de 43 Kg. en 5.497.000 bol\u00edvares, lo que presenta un aumento del 60%.<\/p>\n\n\n\n<p>Digas Gu\u00e1rico despacha esta semana a sectores de la parroquia Paso Real de Macaira, para luego atender a Camoruco I, comunidades que pagaron la recarga de gas en el mes de enero de este a\u00f1o y que est\u00e1n pr\u00e1cticamente en los primeros lugares del cronograma, el cual ya sobrepasa los 60 sectores que cancelaron el servicio durante el 2021.<\/p>\n\n\n\n<p>Es importante resaltar que el \u00faltimo incremento entr\u00f3 en vigencia a partir del primero de \u00a0marzo de este a\u00f1o y los precios eran de 800.000 bol\u00edvares por el cilindro de 10 Kg., 1.500.000 por el de 18 Kg. y en 3.500.000 bol\u00edvares el de 43 Kg.<\/p>\n\n\n\n<p>@amandasaldivia<\/p>\n\n\n\n<p><\/p>\n","protected":false},"excerpt":{"rendered":"<p>Amanda Saldivia.- Por medio de un comunicado Digas Gu\u00e1rico, antiguo Gas Comunal, inform\u00f3 que a partir del 19 de mayo los cilindros de gas dom\u00e9stico tendr\u00e1n un nuevo precio, incremento que llega cuando la presi\u00f3n ciudadana est\u00e1 enfocada en mejorar la distribuci\u00f3n, la cual sigue con retrasos en el municipio<\/p>\n","protected":false},"author":2,"featured_media":0,"comment_status":"open","ping_status":"open","sticky":false,"template":"","format":"standard","meta":{"advanced_seo_description":"","jetpack_seo_html_title":"","jetpack_seo_noindex":false,"_jetpack_memberships_contains_paid_content":false,"footnotes":"","jetpack_publicize_message":"","jetpack_publicize_feature_enabled":true,"jetpack_social_post_already_shared":true,"jetpack_social_options":{"image_generator_settings":{"template":"highway","enabled":false},"version":2}},"categories":[22],"tags":[32],"class_list":["post-2214","post","type-post","status-publish","format-standard","hentry","category-gas-domestico","tag-webdealta",""],"jetpack_publicize_connections":[],"jetpack_featured_media_url":"","jetpack_sharing_enabled":true,"jetpack_likes_enabled":true,"jetpack-related-posts":[],"jetpack_shortlink":"https:\/\/wp.me\/pcseDn-zI","_links":{"self":[{"href":"https:\/\/webdealta.info\/index.php?rest_route=\/wp\/v2\/posts\/2214","targetHints":{"allow":["GET"]}}],"collection":[{"href":"https:\/\/webdealta.info\/index.php?rest_route=\/wp\/v2\/posts"}],"about":[{"href":"https:\/\/webdealta.info\/index.php?rest_route=\/wp\/v2\/types\/post"}],"author":[{"embeddable":true,"href":"https:\/\/webdealta.info\/index.php?rest_route=\/wp\/v2\/users\/2"}],"replies":[{"embeddable":true,"href":"https:\/\/webdealta.info\/index.php?rest_route=%2Fwp%2Fv2%2Fcomments&post=2214"}],"version-history":[{"count":1,"href":"https:\/\/webdealta.info\/index.php?rest_route=\/wp\/v2\/posts\/2214\/revisions"}],"predecessor-version":[{"id":2215,"href":"https:\/\/webdealta.info\/index.php?rest_route=\/wp\/v2\/posts\/2214\/revisions\/2215"}],"wp:attachment":[{"href":"https:\/\/webdealta.info\/index.php?rest_route=%2Fwp%2Fv2%2Fmedia&parent=2214"}],"wp:term":[{"taxonomy":"category","embeddable":true,"href":"https:\/\/webdealta.info\/index.php?rest_route=%2Fwp%2Fv2%2Fcategories&post=2214"},{"taxonomy":"post_tag","embeddable":true,"href":"https:\/\/webdealta.info\/index.php?rest_route=%2Fwp%2Fv2%2Ftags&post=2214"}],"curies":[{"name":"wp","href":"https:\/\/api.w.org\/{rel}","templated":true}]}}