{"id":2203,"date":"2021-05-18T23:32:08","date_gmt":"2021-05-19T03:32:08","guid":{"rendered":"https:\/\/webdealta.info\/?p=2203"},"modified":"2021-05-18T23:32:10","modified_gmt":"2021-05-19T03:32:10","slug":"diputada-sifontes-alerto-sobre-poca-capacidad-para-atender-casos-covid","status":"publish","type":"post","link":"https:\/\/webdealta.info\/?p=2203","title":{"rendered":"Diputada Sifontes alert\u00f3 sobre poca capacidad para atender casos covid"},"content":{"rendered":"\n<p>Amanda Saldivia.-<\/p>\n\n\n\n<p>Reina Sifontes, diputada suplente a la Asamblea Nacional, quien estuvo recluida en la sala de aislamiento del hospital Dr. Jos\u00e9 Francisco Torrealba de Altagracia de Orituco, Gu\u00e1rico, se\u00f1al\u00f3 que el municipio Monagas tiene \u201cmuy poca capacidad para la atenci\u00f3n de los pacientes covid y eso es muy importante que la comunidad lo sepa\u2026por eso llamo a la conciencia, a evitar el contagio\u201d.<\/p>\n\n\n\n<p>Ese fue parte del testimonio que ofreci\u00f3 este martes 18 de mayo en el programa Tiempo de Cambios que se transmite por Guara\u00f1a 97.5 FM, donde fue entrevistada a los fines de conocer c\u00f3mo fue la evoluci\u00f3n de su caso, los s\u00edntomas y el proceso de recuperaci\u00f3n, luego de permanecer 25 d\u00edas hospitalizada.<\/p>\n\n\n\n<p>Sobre los s\u00edntomas dijo que comenz\u00f3 con escalofr\u00edos un s\u00e1bado, despu\u00e9s dolores en las articulaciones y que aunque fue atendida en casa con tratamiento v\u00eda endovenosa su cuadro de salud se complic\u00f3, lo que amerit\u00f3 la hospitalizaci\u00f3n el jueves siguiente, d\u00eda en que hubo una cama disponible en la sala de aislamiento covid del hospital.<\/p>\n\n\n\n<p>Por esa situaci\u00f3n de espera, por conocer que hay traslados de pacientes a otros municipios de Gu\u00e1rico, llam\u00f3 a la poblaci\u00f3n a extremar las medidas de prevenci\u00f3n y seguir lo que ya es ampliamente conocido, como lo es el uso del tapabocas, el lavado frecuente de manos con agua y jab\u00f3n, adem\u00e1s del distanciamiento social, porque en el municipio no hay capacidad para atender un brote de este virus.<\/p>\n\n\n\n<p>La diputada Sifontes dijo que no pudo determinar c\u00f3mo se contagi\u00f3, porque no ocurri\u00f3 durante todo el proceso de campa\u00f1a como aspirante a la Asamblea Nacional, donde a pesar de los esfuerzos por mantener las medidas de bioseguridad a veces se violentaban, debido a la misma din\u00e1mica electoral.<\/p>\n\n\n\n<p>Reconoci\u00f3 la atenci\u00f3n que recibi\u00f3 en la sala covid y mencion\u00f3 especialmente al Dr. Carlos Macero, quien es el responsable del \u00e1rea e igualmente al Dr. Arqu\u00edmedes M\u00e1rquez, director del hospital, Margarito Quintana, coordinador de la ASIC y el apoyo del personal de enfermer\u00eda, quienes le daban \u00e1nimo para superar el cuadro que muchas veces se complicaba, como en su caso donde estuvo tres d\u00edas con una fuerte afecci\u00f3n respiratoria, la cual en ocasiones pensaba que no pod\u00eda superar y se aferr\u00f3 a Dios para encontrar la fuerza espiritual que necesitaba.<\/p>\n\n\n\n<p>Tambi\u00e9n dijo que el proceso de recuperaci\u00f3n ha sido lento, porque ella tiene artritis reumatoide como enfermedad de base y el virus, de acuerdo a la explicaci\u00f3n m\u00e9dica, se aprovecha de esa debilidad para causar m\u00e1s da\u00f1o.<\/p>\n\n\n\n<p>Al preguntarle si tuvo disponible el tratamiento por parte del sistema de salud, la diputada del PSUV dijo que en su caso s\u00ed, pero mencion\u00f3 que ve con preocupaci\u00f3n los llamados que hacen familiares de pacientes a trav\u00e9s de redes y eso da cuenta de que no hay suministros suficientes en este momento, que son costosos y eso motiva las campa\u00f1as de recolecci\u00f3n de fondos.<\/p>\n\n\n\n<p>Es importante resaltar, que en varias oportunidades durante la entrevista, la diputada Reina Sifontes reiter\u00f3 que el municipio no est\u00e1 preparado para atender un brote del virus y que lo indicado es prevenir.<\/p>\n\n\n\n<p>@amandasaldivia <\/p>\n\n\n\n<p><\/p>\n","protected":false},"excerpt":{"rendered":"<p>Amanda Saldivia.- Reina Sifontes, diputada suplente a la Asamblea Nacional, quien estuvo recluida en la sala de aislamiento del hospital Dr. Jos\u00e9 Francisco Torrealba de Altagracia de Orituco, Gu\u00e1rico, se\u00f1al\u00f3 que el municipio Monagas tiene \u201cmuy poca capacidad para la atenci\u00f3n de los pacientes covid y eso es muy importante<\/p>\n","protected":false},"author":2,"featured_media":2204,"comment_status":"open","ping_status":"open","sticky":false,"template":"","format":"standard","meta":{"advanced_seo_description":"","jetpack_seo_html_title":"","jetpack_seo_noindex":false,"_jetpack_memberships_contains_paid_content":false,"footnotes":"","jetpack_publicize_message":"","jetpack_publicize_feature_enabled":true,"jetpack_social_post_already_shared":true,"jetpack_social_options":{"image_generator_settings":{"template":"highway","enabled":false},"version":2}},"categories":[195],"tags":[8,11,32],"class_list":["post-2203","post","type-post","status-publish","format-standard","has-post-thumbnail","hentry","category-covid-19","tag-altagraciadeorituco","tag-covid19","tag-webdealta",""],"jetpack_publicize_connections":[],"jetpack_featured_media_url":"https:\/\/webdealta.info\/wp-content\/uploads\/2021\/05\/diputada-Reina-sifontes-webdealta.png","jetpack_sharing_enabled":true,"jetpack_likes_enabled":true,"jetpack-related-posts":[],"jetpack_shortlink":"https:\/\/wp.me\/pcseDn-zx","_links":{"self":[{"href":"https:\/\/webdealta.info\/index.php?rest_route=\/wp\/v2\/posts\/2203","targetHints":{"allow":["GET"]}}],"collection":[{"href":"https:\/\/webdealta.info\/index.php?rest_route=\/wp\/v2\/posts"}],"about":[{"href":"https:\/\/webdealta.info\/index.php?rest_route=\/wp\/v2\/types\/post"}],"author":[{"embeddable":true,"href":"https:\/\/webdealta.info\/index.php?rest_route=\/wp\/v2\/users\/2"}],"replies":[{"embeddable":true,"href":"https:\/\/webdealta.info\/index.php?rest_route=%2Fwp%2Fv2%2Fcomments&post=2203"}],"version-history":[{"count":1,"href":"https:\/\/webdealta.info\/index.php?rest_route=\/wp\/v2\/posts\/2203\/revisions"}],"predecessor-version":[{"id":2205,"href":"https:\/\/webdealta.info\/index.php?rest_route=\/wp\/v2\/posts\/2203\/revisions\/2205"}],"wp:featuredmedia":[{"embeddable":true,"href":"https:\/\/webdealta.info\/index.php?rest_route=\/wp\/v2\/media\/2204"}],"wp:attachment":[{"href":"https:\/\/webdealta.info\/index.php?rest_route=%2Fwp%2Fv2%2Fmedia&parent=2203"}],"wp:term":[{"taxonomy":"category","embeddable":true,"href":"https:\/\/webdealta.info\/index.php?rest_route=%2Fwp%2Fv2%2Fcategories&post=2203"},{"taxonomy":"post_tag","embeddable":true,"href":"https:\/\/webdealta.info\/index.php?rest_route=%2Fwp%2Fv2%2Ftags&post=2203"}],"curies":[{"name":"wp","href":"https:\/\/api.w.org\/{rel}","templated":true}]}}