{"id":2164,"date":"2021-05-12T16:51:29","date_gmt":"2021-05-12T20:51:29","guid":{"rendered":"https:\/\/webdealta.info\/?p=2164"},"modified":"2021-05-12T16:51:31","modified_gmt":"2021-05-12T20:51:31","slug":"calles-intransitables-mostraron-primeras-lluvias","status":"publish","type":"post","link":"https:\/\/webdealta.info\/?p=2164","title":{"rendered":"Calles intransitables mostraron primeras lluvias"},"content":{"rendered":"\n<p>Amanda Saldivia.-<\/p>\n\n\n\n<p>Las primeras precipitaciones de este a\u00f1o 2021 dejan en evidencia el deterioro de la vialidad y la falta de mantenimiento en sectores como Francisco de Miranda, ubicado en la Perimetral de Altagracia de Orituco, Gu\u00e1rico.<\/p>\n\n\n\n<p>Un vecino de la zona, quien pidi\u00f3 dejar su nombre en reserva, envi\u00f3 fotograf\u00edas a la redacci\u00f3n de este medio digital para dejar constancia que luego de las lluvias del pasado domingo, las calles cuatro y principal de esa comunidad quedaron pr\u00e1cticamente intransitables.<\/p>\n\n\n\n<p>Dijo que la causa es la falta de mantenimiento, porque ni siquiera granz\u00f3n es colocado como paliativo y adem\u00e1s considera que es necesario hacer la correcta canalizaci\u00f3n de las aguas de lluvia para que drenen hacia la quebrada, la cual tambi\u00e9n requiere de limpieza. <\/p>\n\n\n\n<p>@amandasaldivia<\/p>\n\n\n\n<p><\/p>\n","protected":false},"excerpt":{"rendered":"<p>Amanda Saldivia.- Las primeras precipitaciones de este a\u00f1o 2021 dejan en evidencia el deterioro de la vialidad y la falta de mantenimiento en sectores como Francisco de Miranda, ubicado en la Perimetral de Altagracia de Orituco, Gu\u00e1rico. Un vecino de la zona, quien pidi\u00f3 dejar su nombre en reserva, envi\u00f3<\/p>\n","protected":false},"author":2,"featured_media":2165,"comment_status":"open","ping_status":"open","sticky":false,"template":"","format":"standard","meta":{"advanced_seo_description":"","jetpack_seo_html_title":"","jetpack_seo_noindex":false,"_jetpack_memberships_contains_paid_content":false,"footnotes":"","jetpack_publicize_message":"","jetpack_publicize_feature_enabled":true,"jetpack_social_post_already_shared":true,"jetpack_social_options":{"image_generator_settings":{"template":"highway","enabled":false},"version":2}},"categories":[16],"tags":[8,45,32],"class_list":["post-2164","post","type-post","status-publish","format-standard","has-post-thumbnail","hentry","category-vialidad","tag-altagraciadeorituco","tag-vialidad","tag-webdealta",""],"jetpack_publicize_connections":[],"jetpack_featured_media_url":"https:\/\/webdealta.info\/wp-content\/uploads\/2021\/05\/vialidad-y-webdealta.png","jetpack_sharing_enabled":true,"jetpack_likes_enabled":true,"jetpack-related-posts":[],"jetpack_shortlink":"https:\/\/wp.me\/pcseDn-yU","_links":{"self":[{"href":"https:\/\/webdealta.info\/index.php?rest_route=\/wp\/v2\/posts\/2164","targetHints":{"allow":["GET"]}}],"collection":[{"href":"https:\/\/webdealta.info\/index.php?rest_route=\/wp\/v2\/posts"}],"about":[{"href":"https:\/\/webdealta.info\/index.php?rest_route=\/wp\/v2\/types\/post"}],"author":[{"embeddable":true,"href":"https:\/\/webdealta.info\/index.php?rest_route=\/wp\/v2\/users\/2"}],"replies":[{"embeddable":true,"href":"https:\/\/webdealta.info\/index.php?rest_route=%2Fwp%2Fv2%2Fcomments&post=2164"}],"version-history":[{"count":1,"href":"https:\/\/webdealta.info\/index.php?rest_route=\/wp\/v2\/posts\/2164\/revisions"}],"predecessor-version":[{"id":2166,"href":"https:\/\/webdealta.info\/index.php?rest_route=\/wp\/v2\/posts\/2164\/revisions\/2166"}],"wp:featuredmedia":[{"embeddable":true,"href":"https:\/\/webdealta.info\/index.php?rest_route=\/wp\/v2\/media\/2165"}],"wp:attachment":[{"href":"https:\/\/webdealta.info\/index.php?rest_route=%2Fwp%2Fv2%2Fmedia&parent=2164"}],"wp:term":[{"taxonomy":"category","embeddable":true,"href":"https:\/\/webdealta.info\/index.php?rest_route=%2Fwp%2Fv2%2Fcategories&post=2164"},{"taxonomy":"post_tag","embeddable":true,"href":"https:\/\/webdealta.info\/index.php?rest_route=%2Fwp%2Fv2%2Ftags&post=2164"}],"curies":[{"name":"wp","href":"https:\/\/api.w.org\/{rel}","templated":true}]}}