{"id":2131,"date":"2021-05-04T22:00:13","date_gmt":"2021-05-05T02:00:13","guid":{"rendered":"https:\/\/webdealta.info\/?p=2131"},"modified":"2021-05-04T22:22:23","modified_gmt":"2021-05-05T02:22:23","slug":"a-200-mil-bolivares-el-pasaje-minimo-en-altagracia","status":"publish","type":"post","link":"https:\/\/webdealta.info\/?p=2131","title":{"rendered":"A 200 mil bol\u00edvares el pasaje m\u00ednimo en Altagracia"},"content":{"rendered":"\n<p>Amanda Saldivia.-<\/p>\n\n\n\n<p>Usuarios del transporte colectivo de Altagracia de Orituco, Gu\u00e1rico, informaron que este martes 4 de mayo el pasaje m\u00ednimo de las rutas urbanas pas\u00f3 de 100 mil a 200 mil bol\u00edvares y que el argumento expresado hasta ahora por los choferes de las unidades es que hubo un incremento en el salario.<\/p>\n\n\n\n<p>En contacto con directivos de las l\u00edneas del transporte colectivo, reconocieron que la medida es unilateral por parte del gremio y que no cuenta con el aval de ellos ni de la alcald\u00eda del municipio Monagas.<\/p>\n\n\n\n<p>No obstante, esperan que pronto se pueden establecer mesas de trabajo para llegar a acuerdos, porque  ya hay informaci\u00f3n de que en otras regiones del pa\u00eds el pasaje m\u00ednimo est\u00e1 sobre los 300 mil bol\u00edvares.<\/p>\n\n\n\n<p>@amandasaldivia<\/p>\n\n\n\n<p><\/p>\n","protected":false},"excerpt":{"rendered":"<p>Amanda Saldivia.- Usuarios del transporte colectivo de Altagracia de Orituco, Gu\u00e1rico, informaron que este martes 4 de mayo el pasaje m\u00ednimo de las rutas urbanas pas\u00f3 de 100 mil a 200 mil bol\u00edvares y que el argumento expresado hasta ahora por los choferes de las unidades es que hubo un<\/p>\n","protected":false},"author":2,"featured_media":1430,"comment_status":"open","ping_status":"open","sticky":false,"template":"","format":"standard","meta":{"advanced_seo_description":"","jetpack_seo_html_title":"","jetpack_seo_noindex":false,"_jetpack_memberships_contains_paid_content":false,"footnotes":"","jetpack_publicize_message":"","jetpack_publicize_feature_enabled":true,"jetpack_social_post_already_shared":true,"jetpack_social_options":{"image_generator_settings":{"template":"highway","enabled":false},"version":2}},"categories":[73],"tags":[8,10,32],"class_list":["post-2131","post","type-post","status-publish","format-standard","has-post-thumbnail","hentry","category-transporte-colectivo","tag-altagraciadeorituco","tag-pasajeminimo","tag-webdealta",""],"jetpack_publicize_connections":[],"jetpack_featured_media_url":"https:\/\/webdealta.info\/wp-content\/uploads\/2021\/02\/Altagracia-pasaje-webdealta.jpeg","jetpack_sharing_enabled":true,"jetpack_likes_enabled":true,"jetpack-related-posts":[],"jetpack_shortlink":"https:\/\/wp.me\/pcseDn-yn","_links":{"self":[{"href":"https:\/\/webdealta.info\/index.php?rest_route=\/wp\/v2\/posts\/2131","targetHints":{"allow":["GET"]}}],"collection":[{"href":"https:\/\/webdealta.info\/index.php?rest_route=\/wp\/v2\/posts"}],"about":[{"href":"https:\/\/webdealta.info\/index.php?rest_route=\/wp\/v2\/types\/post"}],"author":[{"embeddable":true,"href":"https:\/\/webdealta.info\/index.php?rest_route=\/wp\/v2\/users\/2"}],"replies":[{"embeddable":true,"href":"https:\/\/webdealta.info\/index.php?rest_route=%2Fwp%2Fv2%2Fcomments&post=2131"}],"version-history":[{"count":2,"href":"https:\/\/webdealta.info\/index.php?rest_route=\/wp\/v2\/posts\/2131\/revisions"}],"predecessor-version":[{"id":2133,"href":"https:\/\/webdealta.info\/index.php?rest_route=\/wp\/v2\/posts\/2131\/revisions\/2133"}],"wp:featuredmedia":[{"embeddable":true,"href":"https:\/\/webdealta.info\/index.php?rest_route=\/wp\/v2\/media\/1430"}],"wp:attachment":[{"href":"https:\/\/webdealta.info\/index.php?rest_route=%2Fwp%2Fv2%2Fmedia&parent=2131"}],"wp:term":[{"taxonomy":"category","embeddable":true,"href":"https:\/\/webdealta.info\/index.php?rest_route=%2Fwp%2Fv2%2Fcategories&post=2131"},{"taxonomy":"post_tag","embeddable":true,"href":"https:\/\/webdealta.info\/index.php?rest_route=%2Fwp%2Fv2%2Ftags&post=2131"}],"curies":[{"name":"wp","href":"https:\/\/api.w.org\/{rel}","templated":true}]}}