{"id":213,"date":"2020-10-13T09:00:57","date_gmt":"2020-10-13T13:00:57","guid":{"rendered":"http:\/\/webdealta.info\/?p=213"},"modified":"2020-10-26T16:50:50","modified_gmt":"2020-10-26T20:50:50","slug":"docentes-13102020","status":"publish","type":"post","link":"https:\/\/webdealta.info\/?p=213","title":{"rendered":"Docentes en la calle por reivindicaciones laborales"},"content":{"rendered":"\n<p><a href=\"https:\/\/www.amandasaldivia.com\/\" data-type=\"URL\" data-id=\"https:\/\/www.amandasaldivia.com\/\" target=\"_blank\" rel=\"noreferrer noopener\">Amanda Saldivia<\/a><\/p>\n\n\n\n<p>Una nueva asamblea de docentes se realiz\u00f3 este lunes 12 de octubre, como parte de las acciones del gremio para visibilizar la situaci\u00f3n que atraviesan producto de los bajos ingresos, que no se corresponden con lo establecido en el art\u00edculo 91 de la Constituci\u00f3n Nacional, la cual especifica que \u201ctodo trabajador o trabajadora tiene derecho a un salario suficiente que le permita vivir con dignidad y cubrir para s\u00ed y su familia las necesidades b\u00e1sicas materiales, sociales e intelectuales\u201d.<\/p>\n\n\n\n<p>El encuentro fue en la calle Ilustres Pr\u00f3ceres con Hurtado Ascanio de Altagracia, lugar en el cual se congregaron docentes activos y jubilados, quienes adem\u00e1s expresaron que no tienen acceso a los servicios b\u00e1sicos, entre ellos agua potable, electricidad y gas dom\u00e9stico. La quincena de un docente est\u00e1 entre los 600 mil a 900 mil bol\u00edvares.<\/p>\n\n\n\n<p>Entre los acuerdos de la asamblea est\u00e1 continuar los reclamos por una contrataci\u00f3n colectiva que se ajuste a la realidad econ\u00f3mica del pa\u00eds.<\/p>\n\n\n\n<p><a href=\"https:\/\/twitter.com\/amandasaldivia\" data-type=\"URL\" data-id=\"https:\/\/twitter.com\/amandasaldivia\" target=\"_blank\" rel=\"noreferrer noopener\">@amandasaldivia<\/a><\/p>\n","protected":false},"excerpt":{"rendered":"<p>Amanda Saldivia Una nueva asamblea de docentes se realiz\u00f3 este lunes 12 de octubre, como parte de las acciones del gremio para visibilizar la situaci\u00f3n que atraviesan producto de los bajos ingresos, que no se corresponden con lo establecido en el art\u00edculo 91 de la Constituci\u00f3n Nacional, la cual especifica<\/p>\n","protected":false},"author":2,"featured_media":0,"comment_status":"open","ping_status":"open","sticky":false,"template":"","format":"standard","meta":{"advanced_seo_description":"","jetpack_seo_html_title":"","jetpack_seo_noindex":false,"_jetpack_memberships_contains_paid_content":false,"footnotes":"","jetpack_publicize_message":"","jetpack_publicize_feature_enabled":true,"jetpack_social_post_already_shared":true,"jetpack_social_options":{"image_generator_settings":{"template":"highway","enabled":false},"version":2}},"categories":[14],"tags":[],"class_list":["post-213","post","type-post","status-publish","format-standard","hentry","category-protesta",""],"jetpack_publicize_connections":[],"jetpack_featured_media_url":"","jetpack_sharing_enabled":true,"jetpack_likes_enabled":true,"jetpack-related-posts":[],"jetpack_shortlink":"https:\/\/wp.me\/pcseDn-3r","_links":{"self":[{"href":"https:\/\/webdealta.info\/index.php?rest_route=\/wp\/v2\/posts\/213","targetHints":{"allow":["GET"]}}],"collection":[{"href":"https:\/\/webdealta.info\/index.php?rest_route=\/wp\/v2\/posts"}],"about":[{"href":"https:\/\/webdealta.info\/index.php?rest_route=\/wp\/v2\/types\/post"}],"author":[{"embeddable":true,"href":"https:\/\/webdealta.info\/index.php?rest_route=\/wp\/v2\/users\/2"}],"replies":[{"embeddable":true,"href":"https:\/\/webdealta.info\/index.php?rest_route=%2Fwp%2Fv2%2Fcomments&post=213"}],"version-history":[{"count":3,"href":"https:\/\/webdealta.info\/index.php?rest_route=\/wp\/v2\/posts\/213\/revisions"}],"predecessor-version":[{"id":231,"href":"https:\/\/webdealta.info\/index.php?rest_route=\/wp\/v2\/posts\/213\/revisions\/231"}],"wp:attachment":[{"href":"https:\/\/webdealta.info\/index.php?rest_route=%2Fwp%2Fv2%2Fmedia&parent=213"}],"wp:term":[{"taxonomy":"category","embeddable":true,"href":"https:\/\/webdealta.info\/index.php?rest_route=%2Fwp%2Fv2%2Fcategories&post=213"},{"taxonomy":"post_tag","embeddable":true,"href":"https:\/\/webdealta.info\/index.php?rest_route=%2Fwp%2Fv2%2Ftags&post=213"}],"curies":[{"name":"wp","href":"https:\/\/api.w.org\/{rel}","templated":true}]}}