{"id":2112,"date":"2021-05-02T14:40:52","date_gmt":"2021-05-02T18:40:52","guid":{"rendered":"https:\/\/webdealta.info\/?p=2112"},"modified":"2021-05-02T15:01:09","modified_gmt":"2021-05-02T19:01:09","slug":"sera-encendida-la-cruz-de-pena-de-mota-este-tres-de-mayo","status":"publish","type":"post","link":"https:\/\/webdealta.info\/?p=2112","title":{"rendered":"Ser\u00e1 encendida la Cruz de Pe\u00f1a de Mota este tres de mayo"},"content":{"rendered":"\n<p>Amanda Saldivia.-<\/p>\n\n\n\n<p>Para esta tierra tiene especial significaci\u00f3n la Cruz de Pe\u00f1a, monumento inaugurado hace 111 a\u00f1os y que este lunes tres de mayo ser\u00e1 encendido nuevamente, gracias a la iniciativa de un grupo de ciudadanos, quienes con el apoyo de comerciantes y del equipo t\u00e9cnico de Corpoelec, coordinaron la instalaci\u00f3n del sistema el\u00e9ctrico y otras mejoras en la v\u00edspera del D\u00eda de la Cruz.<\/p>\n\n\n\n<p><br>Se tiene previsto que este lunes, a las 6:00 pm, sea el encendido, eso de acuerdo a lo informado este domingo por M\u00e1ximo Bencomo, integrante del grupo de motorizados que ya viene trabajando en labores de \u00edndole social, como lo es el traslado gratuito del personal que labora en el hospital Dr. Jos\u00e9 Francisco Torrealba.<\/p>\n\n\n\n<p><br>Al declarar a la Web de Altagracia, explic\u00f3 que la iniciativa de traslado del personal de salud ha dado paso a otras acciones, entre ellas registrar una fundaci\u00f3n para seguir trabajando en pro del colectivo, la cual hasta ahora se perfila con el nombre de Altruismo Gracitano.<\/p>\n\n\n\n<p><br>Agradeci\u00f3 el apoyo de Carmen Roca de la estaci\u00f3n de servicios Urimare, adem\u00e1s de comerciantes y vecinos, quienes hicieron posible que este lunes sea encendida nuevamente la Cruz para pedir por la prosperidad de esta poblaci\u00f3n.  <\/p>\n\n\n\n<figure class=\"wp-block-image size-large\"><img loading=\"lazy\" decoding=\"async\" width=\"1024\" height=\"546\" src=\"https:\/\/webdealta.info\/wp-content\/uploads\/2021\/05\/Corpoelec-en-Cruz-de-Pena-de-mota-1024x546.jpg\" alt=\"\" class=\"wp-image-2117\" srcset=\"https:\/\/webdealta.info\/wp-content\/uploads\/2021\/05\/Corpoelec-en-Cruz-de-Pena-de-mota.jpg 1024w, https:\/\/webdealta.info\/wp-content\/uploads\/2021\/05\/Corpoelec-en-Cruz-de-Pena-de-mota.jpg 300w, https:\/\/webdealta.info\/wp-content\/uploads\/2021\/05\/Corpoelec-en-Cruz-de-Pena-de-mota.jpg 768w, https:\/\/webdealta.info\/wp-content\/uploads\/2021\/05\/Corpoelec-en-Cruz-de-Pena-de-mota.jpg 1170w, https:\/\/webdealta.info\/wp-content\/uploads\/2021\/05\/Corpoelec-en-Cruz-de-Pena-de-mota.jpg 1500w, https:\/\/webdealta.info\/wp-content\/uploads\/2021\/05\/Corpoelec-en-Cruz-de-Pena-de-mota.jpg 1280w\" sizes=\"auto, (max-width: 640px) 100vw, 640px\" \/><figcaption>Equipo de Corpoelec en la Cruz de Pe\u00f1a de Mota <\/figcaption><\/figure>\n\n\n\n<p><\/p>\n","protected":false},"excerpt":{"rendered":"<p>Amanda Saldivia.- Para esta tierra tiene especial significaci\u00f3n la Cruz de Pe\u00f1a, monumento inaugurado hace 111 a\u00f1os y que este lunes tres de mayo ser\u00e1 encendido nuevamente, gracias a la iniciativa de un grupo de ciudadanos, quienes con el apoyo de comerciantes y del equipo t\u00e9cnico de Corpoelec, coordinaron la<\/p>\n","protected":false},"author":2,"featured_media":2116,"comment_status":"open","ping_status":"open","sticky":false,"template":"","format":"standard","meta":{"advanced_seo_description":"","jetpack_seo_html_title":"","jetpack_seo_noindex":false,"_jetpack_memberships_contains_paid_content":false,"footnotes":"","jetpack_publicize_message":"","jetpack_publicize_feature_enabled":true,"jetpack_social_post_already_shared":true,"jetpack_social_options":{"image_generator_settings":{"template":"highway","enabled":false},"version":2}},"categories":[50],"tags":[8,224,32],"class_list":["post-2112","post","type-post","status-publish","format-standard","has-post-thumbnail","hentry","category-iniciativas-ciudadanas","tag-altagraciadeorituco","tag-cruzdemayo","tag-webdealta",""],"jetpack_publicize_connections":[],"jetpack_featured_media_url":"https:\/\/webdealta.info\/wp-content\/uploads\/2021\/05\/webdealta-cruz-de-pena-de-mota.jpg","jetpack_sharing_enabled":true,"jetpack_likes_enabled":true,"jetpack-related-posts":[],"jetpack_shortlink":"https:\/\/wp.me\/pcseDn-y4","_links":{"self":[{"href":"https:\/\/webdealta.info\/index.php?rest_route=\/wp\/v2\/posts\/2112","targetHints":{"allow":["GET"]}}],"collection":[{"href":"https:\/\/webdealta.info\/index.php?rest_route=\/wp\/v2\/posts"}],"about":[{"href":"https:\/\/webdealta.info\/index.php?rest_route=\/wp\/v2\/types\/post"}],"author":[{"embeddable":true,"href":"https:\/\/webdealta.info\/index.php?rest_route=\/wp\/v2\/users\/2"}],"replies":[{"embeddable":true,"href":"https:\/\/webdealta.info\/index.php?rest_route=%2Fwp%2Fv2%2Fcomments&post=2112"}],"version-history":[{"count":2,"href":"https:\/\/webdealta.info\/index.php?rest_route=\/wp\/v2\/posts\/2112\/revisions"}],"predecessor-version":[{"id":2118,"href":"https:\/\/webdealta.info\/index.php?rest_route=\/wp\/v2\/posts\/2112\/revisions\/2118"}],"wp:featuredmedia":[{"embeddable":true,"href":"https:\/\/webdealta.info\/index.php?rest_route=\/wp\/v2\/media\/2116"}],"wp:attachment":[{"href":"https:\/\/webdealta.info\/index.php?rest_route=%2Fwp%2Fv2%2Fmedia&parent=2112"}],"wp:term":[{"taxonomy":"category","embeddable":true,"href":"https:\/\/webdealta.info\/index.php?rest_route=%2Fwp%2Fv2%2Fcategories&post=2112"},{"taxonomy":"post_tag","embeddable":true,"href":"https:\/\/webdealta.info\/index.php?rest_route=%2Fwp%2Fv2%2Ftags&post=2112"}],"curies":[{"name":"wp","href":"https:\/\/api.w.org\/{rel}","templated":true}]}}