{"id":2108,"date":"2021-05-02T13:38:15","date_gmt":"2021-05-02T17:38:15","guid":{"rendered":"https:\/\/webdealta.info\/?p=2108"},"modified":"2021-05-02T15:02:49","modified_gmt":"2021-05-02T19:02:49","slug":"aumento-no-cubre-la-expectativa-del-gremio-docente","status":"publish","type":"post","link":"https:\/\/webdealta.info\/?p=2108","title":{"rendered":"Aumento no cubre la expectativa del gremio docente"},"content":{"rendered":"\n<p>Amanda Saldivia.-<br><br>Luego del incremento del salario m\u00ednimo anunciado este primero de mayo por el Ministro del Trabajo Eduardo Pi\u00f1ate, Fetraense\u00f1anza public\u00f3 la tabla salarial que corresponder\u00eda a los docentes, la cual de acuerdo a los c\u00e1lculos estimados un educador categor\u00eda VI tendr\u00eda un ingreso base de 13.333.768, 84.<br><br>Eichler Hern\u00e1ndez, Secretario Sindical de Fetraense\u00f1anza, lament\u00f3 que el gobierno persista en desconocer la Constituci\u00f3n Nacional al establecer un salario que no est\u00e1 acorde con lo escrito en el art\u00edculo 91 de la carta magna y reiter\u00f3 que las nueve federaciones esperan que sea aprobada la propuesta que est\u00e1 consignada en el Ministerio de Educaci\u00f3n.<br><br>Agreg\u00f3 que como gremio, consideran que el presidente debe tomar \u201cen cuenta la propuesta de las nueve Federaciones, para que se haga justicia con los docentes, porque parte de la crisis del sistema educativo se soluciona con una variable importante, como lo es un salario justo\u201d.<br><br>Igualmente mencion\u00f3, los \u00edndices de desnutrici\u00f3n que se evidencian en los ni\u00f1os con edad escolar, lo que a su juicio hace necesario recibir ayuda internacional para hacer frente a esta realidad. <\/p>\n\n\n\n<p><\/p>\n","protected":false},"excerpt":{"rendered":"<p>Amanda Saldivia.- Luego del incremento del salario m\u00ednimo anunciado este primero de mayo por el Ministro del Trabajo Eduardo Pi\u00f1ate, Fetraense\u00f1anza public\u00f3 la tabla salarial que corresponder\u00eda a los docentes, la cual de acuerdo a los c\u00e1lculos estimados un educador categor\u00eda VI tendr\u00eda un ingreso base de 13.333.768, 84. Eichler<\/p>\n","protected":false},"author":2,"featured_media":2119,"comment_status":"open","ping_status":"open","sticky":false,"template":"","format":"standard","meta":{"advanced_seo_description":"","jetpack_seo_html_title":"","jetpack_seo_noindex":false,"_jetpack_memberships_contains_paid_content":false,"footnotes":"","jetpack_publicize_message":"","jetpack_publicize_feature_enabled":true,"jetpack_social_post_already_shared":true,"jetpack_social_options":{"image_generator_settings":{"template":"highway","enabled":false},"version":2}},"categories":[126],"tags":[],"class_list":["post-2108","post","type-post","status-publish","format-standard","has-post-thumbnail","hentry","category-gremio-educativo",""],"jetpack_publicize_connections":[],"jetpack_featured_media_url":"https:\/\/webdealta.info\/wp-content\/uploads\/2021\/05\/Edicadores-webdealta.jpg","jetpack_sharing_enabled":true,"jetpack_likes_enabled":true,"jetpack-related-posts":[],"jetpack_shortlink":"https:\/\/wp.me\/pcseDn-y0","_links":{"self":[{"href":"https:\/\/webdealta.info\/index.php?rest_route=\/wp\/v2\/posts\/2108","targetHints":{"allow":["GET"]}}],"collection":[{"href":"https:\/\/webdealta.info\/index.php?rest_route=\/wp\/v2\/posts"}],"about":[{"href":"https:\/\/webdealta.info\/index.php?rest_route=\/wp\/v2\/types\/post"}],"author":[{"embeddable":true,"href":"https:\/\/webdealta.info\/index.php?rest_route=\/wp\/v2\/users\/2"}],"replies":[{"embeddable":true,"href":"https:\/\/webdealta.info\/index.php?rest_route=%2Fwp%2Fv2%2Fcomments&post=2108"}],"version-history":[{"count":1,"href":"https:\/\/webdealta.info\/index.php?rest_route=\/wp\/v2\/posts\/2108\/revisions"}],"predecessor-version":[{"id":2110,"href":"https:\/\/webdealta.info\/index.php?rest_route=\/wp\/v2\/posts\/2108\/revisions\/2110"}],"wp:featuredmedia":[{"embeddable":true,"href":"https:\/\/webdealta.info\/index.php?rest_route=\/wp\/v2\/media\/2119"}],"wp:attachment":[{"href":"https:\/\/webdealta.info\/index.php?rest_route=%2Fwp%2Fv2%2Fmedia&parent=2108"}],"wp:term":[{"taxonomy":"category","embeddable":true,"href":"https:\/\/webdealta.info\/index.php?rest_route=%2Fwp%2Fv2%2Fcategories&post=2108"},{"taxonomy":"post_tag","embeddable":true,"href":"https:\/\/webdealta.info\/index.php?rest_route=%2Fwp%2Fv2%2Ftags&post=2108"}],"curies":[{"name":"wp","href":"https:\/\/api.w.org\/{rel}","templated":true}]}}