{"id":2096,"date":"2021-04-29T22:35:24","date_gmt":"2021-04-30T02:35:24","guid":{"rendered":"https:\/\/webdealta.info\/?p=2096"},"modified":"2021-04-29T22:35:33","modified_gmt":"2021-04-30T02:35:33","slug":"dia-de-jubilo-por-beatificacion-del-dr-jose-gregorio-hernandez","status":"publish","type":"post","link":"https:\/\/webdealta.info\/?p=2096","title":{"rendered":"D\u00eda de j\u00fabilo por Beatificaci\u00f3n del Dr. Jos\u00e9 Gregorio Hern\u00e1ndez"},"content":{"rendered":"\n<p>Amanda Saldivia.- &nbsp;<\/p>\n\n\n\n<p>Con repiques de campanas las iglesias de Altagracia de Orituco, Gu\u00e1rico, comienzan las actividades relacionadas a la beatificaci\u00f3n del Dr. Jos\u00e9 Gregorio Hern\u00e1ndez, quien este viernes 30 de abril ser\u00e1 elevado a los altares, en acto celebrado en la Iglesia San Juan Bautista del colegio La Salle de Caracas.<\/p>\n\n\n\n<p>Al consultar al padre Luis M\u00e1rquez, gu\u00eda espiritual de la parroquia San Jos\u00e9 Obrero de Altagracia, detall\u00f3 que a las 6:00 am ser\u00e1 el primer repique de campanas y otro en el momento de la lectura del decreto del Vaticano, en el cual ya es oficialmente beato el M\u00e9dico de los Pobres, \u201cporque se corona el esfuerzo de muchos a\u00f1os de trabajo, de fe, de espera y despu\u00e9s de transcurrido 72 a\u00f1os de aquel d\u00eda en que se inici\u00f3 el proceso de la causa de beatificaci\u00f3n del Venerable y Siervo de Dios Jos\u00e9 Gregorio Hern\u00e1ndez Cisneros, seremos testigos de su elevaci\u00f3n a los altares\u201d.<\/p>\n\n\n\n<p>El padre Luis M\u00e1rquez resalt\u00f3 que las virtudes del Dr. Jos\u00e9 Gregorio Hern\u00e1ndez &nbsp;son reconocidas por la Iglesia y son \u201cpropuestas a los files creyentes como dignas de imitar, los Santos son modelos a seguir, por su integridad de vida, por su integridad de fe, entonces cuando la iglesia Beatifica a Jos\u00e9 Gregorio en este caso, nos est\u00e1 diciendo que es un modelo de virtudes, de talento humano, de entrega, de servicio que cada uno de nosotros est\u00e1 llamado a imitar\u201d.<\/p>\n\n\n\n<p>Llam\u00f3 a los creyentes a que ambienten la casa con un peque\u00f1o altar, con la imagen o la estampa del Dr. Jos\u00e9 Gregorio Hern\u00e1ndez, la bandera de Venezuela y del Vaticano, para que desde el hogar se espere la transmisi\u00f3n del acto de beatificaci\u00f3n que ser\u00e1 a las 10:00 am, en cadena nacional transmitida desde la iglesia San Juan Bautista del Colegio La Salle en Caracas.<\/p>\n\n\n\n<p>Igualmente anunci\u00f3 que el domingo habr\u00e1 eucarist\u00edas en la Iglesia Nuestra Se\u00f1ora de Altagracia a las 7:00 am y a las 10:00 am, mientras en San Jos\u00e9 Obrero ser\u00e1 a las 7:30 am, a las 10:30 am y a las 5:30 pm Misa de Acci\u00f3n de Gracias por la Beatificaci\u00f3n. <\/p>\n\n\n\n<p>@amandasaldivia<\/p>\n","protected":false},"excerpt":{"rendered":"<p>Amanda Saldivia.- &nbsp; Con repiques de campanas las iglesias de Altagracia de Orituco, Gu\u00e1rico, comienzan las actividades relacionadas a la beatificaci\u00f3n del Dr. Jos\u00e9 Gregorio Hern\u00e1ndez, quien este viernes 30 de abril ser\u00e1 elevado a los altares, en acto celebrado en la Iglesia San Juan Bautista del colegio La Salle<\/p>\n","protected":false},"author":2,"featured_media":2097,"comment_status":"open","ping_status":"open","sticky":false,"template":"","format":"standard","meta":{"advanced_seo_description":"","jetpack_seo_html_title":"","jetpack_seo_noindex":false,"_jetpack_memberships_contains_paid_content":false,"footnotes":"","jetpack_publicize_message":"","jetpack_publicize_feature_enabled":true,"jetpack_social_post_already_shared":true,"jetpack_social_options":{"image_generator_settings":{"template":"highway","enabled":false},"version":2}},"categories":[223],"tags":[],"class_list":["post-2096","post","type-post","status-publish","format-standard","has-post-thumbnail","hentry","category-beatificacion",""],"jetpack_publicize_connections":[],"jetpack_featured_media_url":"https:\/\/webdealta.info\/wp-content\/uploads\/2021\/04\/imagen-josegh.jpg","jetpack_sharing_enabled":true,"jetpack_likes_enabled":true,"jetpack-related-posts":[],"jetpack_shortlink":"https:\/\/wp.me\/pcseDn-xO","_links":{"self":[{"href":"https:\/\/webdealta.info\/index.php?rest_route=\/wp\/v2\/posts\/2096","targetHints":{"allow":["GET"]}}],"collection":[{"href":"https:\/\/webdealta.info\/index.php?rest_route=\/wp\/v2\/posts"}],"about":[{"href":"https:\/\/webdealta.info\/index.php?rest_route=\/wp\/v2\/types\/post"}],"author":[{"embeddable":true,"href":"https:\/\/webdealta.info\/index.php?rest_route=\/wp\/v2\/users\/2"}],"replies":[{"embeddable":true,"href":"https:\/\/webdealta.info\/index.php?rest_route=%2Fwp%2Fv2%2Fcomments&post=2096"}],"version-history":[{"count":1,"href":"https:\/\/webdealta.info\/index.php?rest_route=\/wp\/v2\/posts\/2096\/revisions"}],"predecessor-version":[{"id":2098,"href":"https:\/\/webdealta.info\/index.php?rest_route=\/wp\/v2\/posts\/2096\/revisions\/2098"}],"wp:featuredmedia":[{"embeddable":true,"href":"https:\/\/webdealta.info\/index.php?rest_route=\/wp\/v2\/media\/2097"}],"wp:attachment":[{"href":"https:\/\/webdealta.info\/index.php?rest_route=%2Fwp%2Fv2%2Fmedia&parent=2096"}],"wp:term":[{"taxonomy":"category","embeddable":true,"href":"https:\/\/webdealta.info\/index.php?rest_route=%2Fwp%2Fv2%2Fcategories&post=2096"},{"taxonomy":"post_tag","embeddable":true,"href":"https:\/\/webdealta.info\/index.php?rest_route=%2Fwp%2Fv2%2Ftags&post=2096"}],"curies":[{"name":"wp","href":"https:\/\/api.w.org\/{rel}","templated":true}]}}