{"id":2090,"date":"2021-04-28T21:06:58","date_gmt":"2021-04-29T01:06:58","guid":{"rendered":"https:\/\/webdealta.info\/?p=2090"},"modified":"2021-04-28T21:07:02","modified_gmt":"2021-04-29T01:07:02","slug":"inpsasel-destaco-el-dia-mundial-de-la-seguridad-y-salud-en-el-trabajo","status":"publish","type":"post","link":"https:\/\/webdealta.info\/?p=2090","title":{"rendered":"Inpsasel destac\u00f3 el D\u00eda Mundial de la Seguridad y Salud en el Trabajo"},"content":{"rendered":"\n<p>Amanda Saldivia.-<\/p>\n\n\n\n<p>En el marco de la celebraci\u00f3n del D\u00eda Mundial de la Seguridad y la Salud en el Trabajo, el abogado Jos\u00e9 Armando D\u00edaz, Coordinador Regional de Sanciones de Inpsasel, destac\u00f3 que el pr\u00f3ximo mi\u00e9rcoles 5 de mayo est\u00e1 prevista la inauguraci\u00f3n de la Unidad Operativa en Altagracia de Orituco, Gu\u00e1rico, la cual estar\u00e1 ubicada en el edificio Caduceo, v\u00eda oriente.<\/p>\n\n\n\n<p>La informaci\u00f3n fue suministrada en el programa Tiempo de Cambios transmitido por la emisora Guara\u00f1a 97.5 FM en la tarde de este mi\u00e9rcoles, y durante la entrevista el funcionario resalt\u00f3 que el 28 de abril fue la fecha proclamada por la Organizaci\u00f3n Internacional del Trabajo (OIT), para promover que la jornada laboral se realice de forma segura, raz\u00f3n por la cual con el personal que laborar\u00e1 en la oficina local impulsar\u00e1n la constituci\u00f3n de los Comit\u00e9s de Prevenci\u00f3n contemplados en la Lopymat, para de esta forma crear conciencia en cuanto a la prevenci\u00f3n del virus covid-19 y los dem\u00e1s \u00e1mbitos que prev\u00e9 la mencionada Ley .<\/p>\n\n\n\n<p>Jos\u00e9 Armando D\u00edaz, explic\u00f3 que tambi\u00e9n el 28 de abril se rinde homenaje a las v\u00edctimas de acciones de trabajo y las enfermedades profesionales, adem\u00e1s que promover la cultura de la prevenci\u00f3n, de all\u00ed que este a\u00f1o 2021 la OIT centre la campa\u00f1a en \u201canticiparse a la crisis, prepararse y responder\u201d.<\/p>\n\n\n\n<p>Igualmente se\u00f1al\u00f3, que elaboran una programaci\u00f3n especial que incluir\u00e1 jornadas de supervisi\u00f3n, la inauguraci\u00f3n de la oficina y otras actividades orientadas a celebrar, con las restricciones propias de la pandemia, la Semana del Trabajador, eso a prop\u00f3sito de que el pr\u00f3ximo s\u00e1bado es primero de mayo.<\/p>\n\n\n\n<p>@amandasaldivia<\/p>\n\n\n\n<p><\/p>\n","protected":false},"excerpt":{"rendered":"<p>Amanda Saldivia.- En el marco de la celebraci\u00f3n del D\u00eda Mundial de la Seguridad y la Salud en el Trabajo, el abogado Jos\u00e9 Armando D\u00edaz, Coordinador Regional de Sanciones de Inpsasel, destac\u00f3 que el pr\u00f3ximo mi\u00e9rcoles 5 de mayo est\u00e1 prevista la inauguraci\u00f3n de la Unidad Operativa en Altagracia de<\/p>\n","protected":false},"author":2,"featured_media":2091,"comment_status":"open","ping_status":"open","sticky":false,"template":"","format":"standard","meta":{"advanced_seo_description":"","jetpack_seo_html_title":"","jetpack_seo_noindex":false,"_jetpack_memberships_contains_paid_content":false,"footnotes":"","jetpack_publicize_message":"","jetpack_publicize_feature_enabled":true,"jetpack_social_post_already_shared":true,"jetpack_social_options":{"image_generator_settings":{"template":"highway","enabled":false},"version":2}},"categories":[135],"tags":[8,208,222,32],"class_list":["post-2090","post","type-post","status-publish","format-standard","has-post-thumbnail","hentry","category-prevencion","tag-altagraciadeorituco","tag-inpsasel","tag-lopcymat","tag-webdealta",""],"jetpack_publicize_connections":[],"jetpack_featured_media_url":"https:\/\/webdealta.info\/wp-content\/uploads\/2021\/04\/Trabajo-webdealta.png","jetpack_sharing_enabled":true,"jetpack_likes_enabled":true,"jetpack-related-posts":[],"jetpack_shortlink":"https:\/\/wp.me\/pcseDn-xI","_links":{"self":[{"href":"https:\/\/webdealta.info\/index.php?rest_route=\/wp\/v2\/posts\/2090","targetHints":{"allow":["GET"]}}],"collection":[{"href":"https:\/\/webdealta.info\/index.php?rest_route=\/wp\/v2\/posts"}],"about":[{"href":"https:\/\/webdealta.info\/index.php?rest_route=\/wp\/v2\/types\/post"}],"author":[{"embeddable":true,"href":"https:\/\/webdealta.info\/index.php?rest_route=\/wp\/v2\/users\/2"}],"replies":[{"embeddable":true,"href":"https:\/\/webdealta.info\/index.php?rest_route=%2Fwp%2Fv2%2Fcomments&post=2090"}],"version-history":[{"count":1,"href":"https:\/\/webdealta.info\/index.php?rest_route=\/wp\/v2\/posts\/2090\/revisions"}],"predecessor-version":[{"id":2092,"href":"https:\/\/webdealta.info\/index.php?rest_route=\/wp\/v2\/posts\/2090\/revisions\/2092"}],"wp:featuredmedia":[{"embeddable":true,"href":"https:\/\/webdealta.info\/index.php?rest_route=\/wp\/v2\/media\/2091"}],"wp:attachment":[{"href":"https:\/\/webdealta.info\/index.php?rest_route=%2Fwp%2Fv2%2Fmedia&parent=2090"}],"wp:term":[{"taxonomy":"category","embeddable":true,"href":"https:\/\/webdealta.info\/index.php?rest_route=%2Fwp%2Fv2%2Fcategories&post=2090"},{"taxonomy":"post_tag","embeddable":true,"href":"https:\/\/webdealta.info\/index.php?rest_route=%2Fwp%2Fv2%2Ftags&post=2090"}],"curies":[{"name":"wp","href":"https:\/\/api.w.org\/{rel}","templated":true}]}}