{"id":2072,"date":"2021-04-25T15:23:04","date_gmt":"2021-04-25T19:23:04","guid":{"rendered":"https:\/\/webdealta.info\/?p=2072"},"modified":"2021-04-25T15:23:09","modified_gmt":"2021-04-25T19:23:09","slug":"comunidad-de-arenita-reactivo-el-acueducto-rural","status":"publish","type":"post","link":"https:\/\/webdealta.info\/?p=2072","title":{"rendered":"Comunidad de Arenita reactiv\u00f3 el acueducto rural"},"content":{"rendered":"\n<h4 class=\"wp-block-heading\">Recibieron equipos y materiales de Acci\u00f3n Campesina.<\/h4>\n\n\n\n<p>Amanda Saldivia.-<\/p>\n\n\n\n<p>Luego de seis a\u00f1os, las 200 familias que conforman el caser\u00edo Arenita recibieron agua directamente en los hogares, gracias al apoyo de la asociaci\u00f3n civil Acci\u00f3n Campesina, como parte de los proyectos que ejecutan en el municipio Monagas, Gu\u00e1rico.<\/p>\n\n\n\n<p>Durante ese tiempo, la rutina de los habitantes de esa comunidad era trasladarse hasta la laguna, la mayor\u00eda a pie, a cargar agua en recipientes, porque las gestiones ante la gobernaci\u00f3n del estado Gu\u00e1rico no arrojaron resultados positivos.<\/p>\n\n\n\n<p>Al\u00ed Mart\u00ednez, presidente el Comit\u00e9 de Gesti\u00f3n Comunitaria del Agua, constituido como paso previo a la donaci\u00f3n de los equipos, se\u00f1al\u00f3 que afortunadamente la necesidad de reactivar el acueducto fue del conocimiento de los presentantes de la asociaci\u00f3n civil, quienes los visitaron, entre ellos Mar\u00eda Margarita D`Suze, coordinadora de Acci\u00f3n Campesina Gu\u00e1rico, el ingeniero Jes\u00fas Dugarte, coordinador nacional del proyecto Agua y Rosa Virginia Ram\u00edrez, coordinadora local.<\/p>\n\n\n\n<p>Cont\u00f3 que a partir de ese momento, iniciaron el proceso de constituci\u00f3n del Comit\u00e9, para posteriormente recibir la bomba, adem\u00e1s de materiales para la adecuaci\u00f3n del acueducto, espec\u00edficamente 24 metros de tuber\u00eda PEAD, 50 metros de cable, corta corriente, fusible y pararrayo, lo que permiti\u00f3 llevar el suministro nuevamente a la comunidad.<\/p>\n\n\n\n<p>Explic\u00f3 que ahora resta la instalaci\u00f3n de otro motor, para que funcione el proceso de potabilizaci\u00f3n, compromiso que asumi\u00f3 hace m\u00e1s de un mes el gobernador Jos\u00e9 V\u00e1squez, a quien abordaron en el momento en que regresaba de una actividad en San Jos\u00e9 de Guaribe.<\/p>\n\n\n\n<p>@amandasaldivia<\/p>\n\n\n\n<p><\/p>\n","protected":false},"excerpt":{"rendered":"<p>Recibieron equipos y materiales de Acci\u00f3n Campesina. Amanda Saldivia.- Luego de seis a\u00f1os, las 200 familias que conforman el caser\u00edo Arenita recibieron agua directamente en los hogares, gracias al apoyo de la asociaci\u00f3n civil Acci\u00f3n Campesina, como parte de los proyectos que ejecutan en el municipio Monagas, Gu\u00e1rico. Durante ese<\/p>\n","protected":false},"author":2,"featured_media":2073,"comment_status":"open","ping_status":"open","sticky":false,"template":"","format":"standard","meta":{"advanced_seo_description":"","jetpack_seo_html_title":"","jetpack_seo_noindex":false,"_jetpack_memberships_contains_paid_content":false,"footnotes":"","jetpack_publicize_message":"","jetpack_publicize_feature_enabled":true,"jetpack_social_post_already_shared":true,"jetpack_social_options":{"image_generator_settings":{"template":"highway","enabled":false},"version":2}},"categories":[39],"tags":[79,8,32],"class_list":["post-2072","post","type-post","status-publish","format-standard","has-post-thumbnail","hentry","category-accion-campesina","tag-agua","tag-altagraciadeorituco","tag-webdealta",""],"jetpack_publicize_connections":[],"jetpack_featured_media_url":"https:\/\/webdealta.info\/wp-content\/uploads\/2021\/04\/Acueducto-Arenita-webdealta.jpg","jetpack_sharing_enabled":true,"jetpack_likes_enabled":true,"jetpack-related-posts":[],"jetpack_shortlink":"https:\/\/wp.me\/pcseDn-xq","_links":{"self":[{"href":"https:\/\/webdealta.info\/index.php?rest_route=\/wp\/v2\/posts\/2072","targetHints":{"allow":["GET"]}}],"collection":[{"href":"https:\/\/webdealta.info\/index.php?rest_route=\/wp\/v2\/posts"}],"about":[{"href":"https:\/\/webdealta.info\/index.php?rest_route=\/wp\/v2\/types\/post"}],"author":[{"embeddable":true,"href":"https:\/\/webdealta.info\/index.php?rest_route=\/wp\/v2\/users\/2"}],"replies":[{"embeddable":true,"href":"https:\/\/webdealta.info\/index.php?rest_route=%2Fwp%2Fv2%2Fcomments&post=2072"}],"version-history":[{"count":1,"href":"https:\/\/webdealta.info\/index.php?rest_route=\/wp\/v2\/posts\/2072\/revisions"}],"predecessor-version":[{"id":2074,"href":"https:\/\/webdealta.info\/index.php?rest_route=\/wp\/v2\/posts\/2072\/revisions\/2074"}],"wp:featuredmedia":[{"embeddable":true,"href":"https:\/\/webdealta.info\/index.php?rest_route=\/wp\/v2\/media\/2073"}],"wp:attachment":[{"href":"https:\/\/webdealta.info\/index.php?rest_route=%2Fwp%2Fv2%2Fmedia&parent=2072"}],"wp:term":[{"taxonomy":"category","embeddable":true,"href":"https:\/\/webdealta.info\/index.php?rest_route=%2Fwp%2Fv2%2Fcategories&post=2072"},{"taxonomy":"post_tag","embeddable":true,"href":"https:\/\/webdealta.info\/index.php?rest_route=%2Fwp%2Fv2%2Ftags&post=2072"}],"curies":[{"name":"wp","href":"https:\/\/api.w.org\/{rel}","templated":true}]}}