{"id":2061,"date":"2021-04-22T13:02:16","date_gmt":"2021-04-22T17:02:16","guid":{"rendered":"https:\/\/webdealta.info\/?p=2061"},"modified":"2021-04-22T13:02:28","modified_gmt":"2021-04-22T17:02:28","slug":"transportistas-rechazan-inclusion-de-unidades-foraneas","status":"publish","type":"post","link":"https:\/\/webdealta.info\/?p=2061","title":{"rendered":"Transportistas rechazan inclusi\u00f3n de unidades for\u00e1neas"},"content":{"rendered":"\n<p>Amanda Saldivia.-<\/p>\n\n\n\n<p>Por varias horas estuvo paralizado el servicio de transporte colectivo en Altagracia de Orituco, Gu\u00e1rico, en rechazo a la supuesta autorizaci\u00f3n de trabajo a l\u00edneas for\u00e1neas, en rutas que son cubiertas regularmente por las locales.<\/p>\n\n\n\n<p>Tras la paralizaci\u00f3n, los representantes de las l\u00edneas Valles del Tuy, Hermanos Unidos, Colectivos Altagracia, Puerta del Llano y Bicentenario, sostuvieron un encuentro con el coronel Welner Vivas, Comandante del \u00c1rea de Defensa Integral Tamanaco, en la sede de esta instituci\u00f3n, ubicada en el m\u00f3dulo de Camoruco.<\/p>\n\n\n\n<p>Una vez finalizado el encuentro, Jonny M\u00e9ndez, presidente de la l\u00ednea Hermanos Unidos, ofreci\u00f3 declaraciones a la Web de Altagracia, en las cuales explic\u00f3 que aparentemente la alcald\u00eda del municipio Monagas autoriz\u00f3 que una unidad de Charallave prestara el servicio en la ruta Altagracia-Sabana Grande de Orituco, lo que fue rechazado por el gremio en pleno y decidieron paralizar el servicio hasta tanto la situaci\u00f3n no se aclarara.<\/p>\n\n\n\n<p>Al preguntar cu\u00e1l fue el acuerdo con el coronel Vivas, que arroj\u00f3 que retomaran el servicio en las rutas urbanas, pasada las 10:30 de la ma\u00f1ana de este jueves 22 de abril, explic\u00f3 que \u201cse comprometi\u00f3 a conversar con la alcaldesa, con la Ubch, con el due\u00f1o del carro, para que ese veh\u00edculo sea retirado, ese fue el compromiso del coronel Vivas y decidimos levantar el paro\u201d.<\/p>\n\n\n\n<p>@amandasaldivia<\/p>\n\n\n\n<p><\/p>\n","protected":false},"excerpt":{"rendered":"<p>Amanda Saldivia.- Por varias horas estuvo paralizado el servicio de transporte colectivo en Altagracia de Orituco, Gu\u00e1rico, en rechazo a la supuesta autorizaci\u00f3n de trabajo a l\u00edneas for\u00e1neas, en rutas que son cubiertas regularmente por las locales. Tras la paralizaci\u00f3n, los representantes de las l\u00edneas Valles del Tuy, Hermanos Unidos,<\/p>\n","protected":false},"author":2,"featured_media":2062,"comment_status":"open","ping_status":"open","sticky":false,"template":"","format":"standard","meta":{"advanced_seo_description":"","jetpack_seo_html_title":"","jetpack_seo_noindex":false,"_jetpack_memberships_contains_paid_content":false,"footnotes":"","jetpack_publicize_message":"","jetpack_publicize_feature_enabled":true,"jetpack_social_post_already_shared":true,"jetpack_social_options":{"image_generator_settings":{"template":"highway","enabled":false},"version":2}},"categories":[14],"tags":[8,217,80],"class_list":["post-2061","post","type-post","status-publish","format-standard","has-post-thumbnail","hentry","category-protesta","tag-altagraciadeorituco","tag-paro","tag-transportecolectivo",""],"jetpack_publicize_connections":[],"jetpack_featured_media_url":"https:\/\/webdealta.info\/wp-content\/uploads\/2021\/04\/foto-coronel-Vivas.jpg","jetpack_sharing_enabled":true,"jetpack_likes_enabled":true,"jetpack-related-posts":[],"jetpack_shortlink":"https:\/\/wp.me\/pcseDn-xf","_links":{"self":[{"href":"https:\/\/webdealta.info\/index.php?rest_route=\/wp\/v2\/posts\/2061","targetHints":{"allow":["GET"]}}],"collection":[{"href":"https:\/\/webdealta.info\/index.php?rest_route=\/wp\/v2\/posts"}],"about":[{"href":"https:\/\/webdealta.info\/index.php?rest_route=\/wp\/v2\/types\/post"}],"author":[{"embeddable":true,"href":"https:\/\/webdealta.info\/index.php?rest_route=\/wp\/v2\/users\/2"}],"replies":[{"embeddable":true,"href":"https:\/\/webdealta.info\/index.php?rest_route=%2Fwp%2Fv2%2Fcomments&post=2061"}],"version-history":[{"count":1,"href":"https:\/\/webdealta.info\/index.php?rest_route=\/wp\/v2\/posts\/2061\/revisions"}],"predecessor-version":[{"id":2063,"href":"https:\/\/webdealta.info\/index.php?rest_route=\/wp\/v2\/posts\/2061\/revisions\/2063"}],"wp:featuredmedia":[{"embeddable":true,"href":"https:\/\/webdealta.info\/index.php?rest_route=\/wp\/v2\/media\/2062"}],"wp:attachment":[{"href":"https:\/\/webdealta.info\/index.php?rest_route=%2Fwp%2Fv2%2Fmedia&parent=2061"}],"wp:term":[{"taxonomy":"category","embeddable":true,"href":"https:\/\/webdealta.info\/index.php?rest_route=%2Fwp%2Fv2%2Fcategories&post=2061"},{"taxonomy":"post_tag","embeddable":true,"href":"https:\/\/webdealta.info\/index.php?rest_route=%2Fwp%2Fv2%2Ftags&post=2061"}],"curies":[{"name":"wp","href":"https:\/\/api.w.org\/{rel}","templated":true}]}}