{"id":2058,"date":"2021-04-22T10:21:26","date_gmt":"2021-04-22T14:21:26","guid":{"rendered":"https:\/\/webdealta.info\/?p=2058"},"modified":"2021-04-22T10:21:28","modified_gmt":"2021-04-22T14:21:28","slug":"exigen-al-gobierno-regional-reparar-falla-de-borde","status":"publish","type":"post","link":"https:\/\/webdealta.info\/?p=2058","title":{"rendered":"Exigen al gobierno regional reparar falla de borde"},"content":{"rendered":"\n<p>Amanda Saldivia.-<\/p>\n\n\n\n<p>Cada d\u00eda est\u00e1 m\u00e1s pronunciada la falla de borde v\u00eda Lezama y los usuarios temen que al llegar la temporada de lluvias el deterioro sea mayor, al punto de que se genere la interrupci\u00f3n del paso entre Altagracia de Orituco y los poblados al sur del municipio Monagas, Gu\u00e1rico.<\/p>\n\n\n\n<p>Jos\u00e9 Luis Rosa Manuitt, productor agropecuario, quien es usuario regular de esa arteria vial comparti\u00f3 fotograf\u00edas que evidencian la falla de borde y explic\u00f3 que \u201cla calzada est\u00e1 comprometida en 2.30 metros hacia el centro de la misma, igualmente continua hacia adelante la falla, es de hacer notar que si entra el invierno de manera regular, este tramo se cortar\u00e1 a la mitad, dejando incomunicado con la capital del municipio a Lezama, Acapral, La Esperanza, Los Negros, Libertad y Punteral\u201d.<\/p>\n\n\n\n<p>Argument\u00f3 que \u201cprevenir es m\u00e1s barato que lamentar\u201d y exhort\u00f3 a la gobernaci\u00f3n del estado Gu\u00e1rico, a que asuma la reparaci\u00f3n de la falla, porque no solo afectar\u00e1 a los habitantes de la zona sur del municipio Monagas, sino tambi\u00e9n a cientos de \u201cproductores agropecuarios en plena zafra de siembra y esto debe ser atacado de manera urgent\u00edsima\u201d.<\/p>\n\n\n\n<p>@amandasaldivia<\/p>\n\n\n\n<p><\/p>\n","protected":false},"excerpt":{"rendered":"<p>Amanda Saldivia.- Cada d\u00eda est\u00e1 m\u00e1s pronunciada la falla de borde v\u00eda Lezama y los usuarios temen que al llegar la temporada de lluvias el deterioro sea mayor, al punto de que se genere la interrupci\u00f3n del paso entre Altagracia de Orituco y los poblados al sur del municipio Monagas,<\/p>\n","protected":false},"author":2,"featured_media":2059,"comment_status":"open","ping_status":"open","sticky":false,"template":"","format":"standard","meta":{"advanced_seo_description":"","jetpack_seo_html_title":"","jetpack_seo_noindex":false,"_jetpack_memberships_contains_paid_content":false,"footnotes":"","jetpack_publicize_message":"","jetpack_publicize_feature_enabled":true,"jetpack_social_post_already_shared":true,"jetpack_social_options":{"image_generator_settings":{"template":"highway","enabled":false},"version":2}},"categories":[16],"tags":[7,45],"class_list":["post-2058","post","type-post","status-publish","format-standard","has-post-thumbnail","hentry","category-vialidad","tag-guarico","tag-vialidad",""],"jetpack_publicize_connections":[],"jetpack_featured_media_url":"https:\/\/webdealta.info\/wp-content\/uploads\/2021\/04\/vialidad-webdealta.jpg","jetpack_sharing_enabled":true,"jetpack_likes_enabled":true,"jetpack-related-posts":[],"jetpack_shortlink":"https:\/\/wp.me\/pcseDn-xc","_links":{"self":[{"href":"https:\/\/webdealta.info\/index.php?rest_route=\/wp\/v2\/posts\/2058","targetHints":{"allow":["GET"]}}],"collection":[{"href":"https:\/\/webdealta.info\/index.php?rest_route=\/wp\/v2\/posts"}],"about":[{"href":"https:\/\/webdealta.info\/index.php?rest_route=\/wp\/v2\/types\/post"}],"author":[{"embeddable":true,"href":"https:\/\/webdealta.info\/index.php?rest_route=\/wp\/v2\/users\/2"}],"replies":[{"embeddable":true,"href":"https:\/\/webdealta.info\/index.php?rest_route=%2Fwp%2Fv2%2Fcomments&post=2058"}],"version-history":[{"count":1,"href":"https:\/\/webdealta.info\/index.php?rest_route=\/wp\/v2\/posts\/2058\/revisions"}],"predecessor-version":[{"id":2060,"href":"https:\/\/webdealta.info\/index.php?rest_route=\/wp\/v2\/posts\/2058\/revisions\/2060"}],"wp:featuredmedia":[{"embeddable":true,"href":"https:\/\/webdealta.info\/index.php?rest_route=\/wp\/v2\/media\/2059"}],"wp:attachment":[{"href":"https:\/\/webdealta.info\/index.php?rest_route=%2Fwp%2Fv2%2Fmedia&parent=2058"}],"wp:term":[{"taxonomy":"category","embeddable":true,"href":"https:\/\/webdealta.info\/index.php?rest_route=%2Fwp%2Fv2%2Fcategories&post=2058"},{"taxonomy":"post_tag","embeddable":true,"href":"https:\/\/webdealta.info\/index.php?rest_route=%2Fwp%2Fv2%2Ftags&post=2058"}],"curies":[{"name":"wp","href":"https:\/\/api.w.org\/{rel}","templated":true}]}}