{"id":2035,"date":"2021-04-19T06:22:19","date_gmt":"2021-04-19T10:22:19","guid":{"rendered":"https:\/\/webdealta.info\/?p=2035"},"modified":"2021-04-19T06:22:22","modified_gmt":"2021-04-19T10:22:22","slug":"la-cruz-de-pena-de-mota-ella-ha-sido-mudo-testigo-por-tantos-anos","status":"publish","type":"post","link":"https:\/\/webdealta.info\/?p=2035","title":{"rendered":"La Cruz de Pe\u00f1a de Mota: \u201cElla ha sido mudo testigo por tantos a\u00f1os\u201d"},"content":{"rendered":"\n<p>Amanda Saldivia.-<\/p>\n\n\n\n<p>Hoy damos un repaso por nuestra historia local para resaltar un monumento que popularmente conocemos como la Cruz de Pe\u00f1a de Mota, el cual fue inaugurado el 19 de abril de 1910 como parte de los actos del centenario de esta fecha que marc\u00f3 la independencia de nuestro pa\u00eds.<\/p>\n\n\n\n<p>A 111 a\u00f1os de este acto en recordatorio al centenario, compartimos lo que escribi\u00f3 Pedro Natalio Ar\u00e9valo Garc\u00eda, abogado gracitano, quien se destac\u00f3 como fundador de medios impresos locales como Surco y colaborador de peri\u00f3dicos nacionales, entre ellos El Heraldo, La Esfera y el semanario Fantoches.<\/p>\n\n\n\n<p>El escrito que compartimos es parte de la obra <strong>Calles, Sitios y Aleros de Altagracia de Orituco<\/strong>, obra publicada gracias a Beto Mirabal, a quien el autor le dej\u00f3 un valioso sobre con interesantes datos sobre la historia local.<\/p>\n\n\n\n<p>Entre los apuntes que Don Pedro Natalio Ar\u00e9valo est\u00e1 lo siguiente:<\/p>\n\n\n\n<p>La Cruz de Pe\u00f1a de Mota<\/p>\n\n\n\n<p>De gran importancia es para las generaciones presentes y futuras la publicaci\u00f3n de la presente acta. Ella es testimonio fiel de la preocupaci\u00f3n que animaron el esp\u00edritu de los hombres de aquella lejana \u00e9poca, ellos tambi\u00e9n sintieron palpitar de afecto por este pedazo de tierra orituque\u00f1a. Cabe a nosotros, j\u00f3venes de la evolucionada Venezuela, sentirnos emocionados al contemplar la majestuosa cruz que all\u00e1 en lo m\u00e1s empinado del Cerro de Pe\u00f1a de Mota abre sus brazos como queriendo asir el recuerdo de tantos seres que ya se han ido. Ella ha sido mudo testigo por tantos a\u00f1os, de las inquietudes que animaron a los habitantes de esta regi\u00f3n para hacer de Altagracia un pueblo digno heredero de las preocupaciones de esos hombre que ayer nos se\u00f1alaron rumbos.<\/p>\n\n\n\n<p>Acta levantada por los vecinos de Altagracia de Orituco para la erecci\u00f3n del monumento a Redentor en la Colina de Pe\u00f1a de Mota que denomina (sic) la ciudad y para el cual dio su permiso el Se\u00f1or Obispo Diocesano y el Ilustre Concejo Municipal tambi\u00e9n decret\u00f3 el monumento a la Concordia, la autoridad civil le prest\u00f3 su apoyo y se bendijo solemnemente por el Cura que suscribe, el 19 de abril de 1910 en la celebraci\u00f3n de esta fecha centenaria.<\/p>\n\n\n\n<p>Acta<\/p>\n\n\n\n<p>Llegados los d\u00edas centenario en que el pueblo venezolano conmemorar\u00e1 el hero\u00edsmo y grandes sacrificios de nuestros padres por obtener la libertad, nos hemos congregado los suscritos para dejar a las generaciones que tienen un recuerdo de los memorables d\u00edas en que se cumplen cien a\u00f1os de haber iniciado los venezolanos su movimiento de emancipaci\u00f3n. As\u00ed, levantamos este peque\u00f1o monumento coronado por la Cruz, l\u00e1baro de Concordia Universal para que diga a nuestros descendientes nuestro voto a favor de la Patria bien amada. Queremos a nuestra Patria viviendo para el trabajo; la queremos caminando entre sus hijos la m\u00e1s completa armon\u00eda; la queremos caminando por las sendas del progreso, deseamos con vehemencia que todos los venezolanos vivan vida de honor y lleguen a la prosperidad por la justicia. Lamentamos que nuestros medios no permitan hacer algo m\u00e1s digno. Sirva esto de experiencia a nuestros hijos; han pasado cien a\u00f1os de vida libre y somos pobres porque en nuestras guerras hemos perdido nuestras riquezas. Saludamos al nuevo siglo de vida republicana como a d\u00edas de gloria para el pueblo venezolano. Firmamos esta Acta y la depositamos al pie del monumento que hoy erigimos a la Concordia. Altagracia de Orituco; 19 de abril de 1910.<\/p>\n\n\n\n<p>Pbro. Dr. Sixto Sosa; N. Ar\u00e9valo Cede\u00f1o; Jefe Civil del Distrito. Dr. Pedro Mar\u00eda Ar\u00e9valo Cede\u00f1o. Manuel Machado. Dr. Luis R. Mor\u00edn, Abogado, Presidente de la Municipalidad. E. Campos D\u00edaz. Fernando G. Acosta. Dr. J.M. Carrasquel Carrey\u00f3. Dr. J.V. Baptista. Dr. B. Guti\u00e9rrez L\u00f3pez. Lcdo. Marcos R\u00edsquez. Nicasio Camero. Lcdo. R.M. Osio. Pablo A. Sierra. Dr. Luis M. Sierra. Teodoro Toledo. Teodoro A. Toledo. Felicio R. Gir\u00f3n. Carlos M. Ascanio. Carlos M. Ascanio hijo. Jaime J. Anday. Jaime Benarroch. David Anday. Te\u00f3filo Ruiz, Patricio Camero. Dielo (sic) Dalis. J .A. Hurtado Ascanio. M. Carrasquel Soto. E. Carrasquel. R.R. Castrillo. Alfonzo Trejo y J. de la Luz Vargas y 13 m\u00e1s.<\/p>\n\n\n\n<p>Foto: Beto Mirabal<\/p>\n\n\n\n<p><\/p>\n","protected":false},"excerpt":{"rendered":"<p>Amanda Saldivia.- Hoy damos un repaso por nuestra historia local para resaltar un monumento que popularmente conocemos como la Cruz de Pe\u00f1a de Mota, el cual fue inaugurado el 19 de abril de 1910 como parte de los actos del centenario de esta fecha que marc\u00f3 la independencia de nuestro<\/p>\n","protected":false},"author":2,"featured_media":2036,"comment_status":"open","ping_status":"open","sticky":false,"template":"","format":"standard","meta":{"advanced_seo_description":"","jetpack_seo_html_title":"","jetpack_seo_noindex":false,"_jetpack_memberships_contains_paid_content":false,"footnotes":"","jetpack_publicize_message":"","jetpack_publicize_feature_enabled":true,"jetpack_social_post_already_shared":true,"jetpack_social_options":{"image_generator_settings":{"template":"highway","enabled":false},"version":2}},"categories":[179],"tags":[32],"class_list":["post-2035","post","type-post","status-publish","format-standard","has-post-thumbnail","hentry","category-historia-local","tag-webdealta",""],"jetpack_publicize_connections":[],"jetpack_featured_media_url":"https:\/\/webdealta.info\/wp-content\/uploads\/2021\/04\/cruz-de-pena-de-mora-foto-Beto.jpg","jetpack_sharing_enabled":true,"jetpack_likes_enabled":true,"jetpack-related-posts":[],"jetpack_shortlink":"https:\/\/wp.me\/pcseDn-wP","_links":{"self":[{"href":"https:\/\/webdealta.info\/index.php?rest_route=\/wp\/v2\/posts\/2035","targetHints":{"allow":["GET"]}}],"collection":[{"href":"https:\/\/webdealta.info\/index.php?rest_route=\/wp\/v2\/posts"}],"about":[{"href":"https:\/\/webdealta.info\/index.php?rest_route=\/wp\/v2\/types\/post"}],"author":[{"embeddable":true,"href":"https:\/\/webdealta.info\/index.php?rest_route=\/wp\/v2\/users\/2"}],"replies":[{"embeddable":true,"href":"https:\/\/webdealta.info\/index.php?rest_route=%2Fwp%2Fv2%2Fcomments&post=2035"}],"version-history":[{"count":1,"href":"https:\/\/webdealta.info\/index.php?rest_route=\/wp\/v2\/posts\/2035\/revisions"}],"predecessor-version":[{"id":2037,"href":"https:\/\/webdealta.info\/index.php?rest_route=\/wp\/v2\/posts\/2035\/revisions\/2037"}],"wp:featuredmedia":[{"embeddable":true,"href":"https:\/\/webdealta.info\/index.php?rest_route=\/wp\/v2\/media\/2036"}],"wp:attachment":[{"href":"https:\/\/webdealta.info\/index.php?rest_route=%2Fwp%2Fv2%2Fmedia&parent=2035"}],"wp:term":[{"taxonomy":"category","embeddable":true,"href":"https:\/\/webdealta.info\/index.php?rest_route=%2Fwp%2Fv2%2Fcategories&post=2035"},{"taxonomy":"post_tag","embeddable":true,"href":"https:\/\/webdealta.info\/index.php?rest_route=%2Fwp%2Fv2%2Ftags&post=2035"}],"curies":[{"name":"wp","href":"https:\/\/api.w.org\/{rel}","templated":true}]}}