{"id":2015,"date":"2021-04-15T17:31:11","date_gmt":"2021-04-15T21:31:11","guid":{"rendered":"https:\/\/webdealta.info\/?p=2015"},"modified":"2021-04-15T17:31:14","modified_gmt":"2021-04-15T21:31:14","slug":"en-guarico-18-profesionales-de-la-salud-han-fallecido","status":"publish","type":"post","link":"https:\/\/webdealta.info\/?p=2015","title":{"rendered":"En Gu\u00e1rico 18 profesionales de la salud han fallecido"},"content":{"rendered":"\n<p>Amanda Saldivia.-<\/p>\n\n\n\n<p>Con el deceso del ur\u00f3logo Baudilio Ortiz en Valle de la Pascua, este mi\u00e9rcoles 14 de abril, son 18 los profesionales de la salud que han fallecido con s\u00edntomas asociados a coronavirus en el estado Gu\u00e1rico, eso de acuerdo a la actualizaci\u00f3n realizada hoy por la Dra. Carmen Cecilia G\u00f3mez, miembro de la directiva nacional y regional de la ONG M\u00e9dicos Unidos Venezuela, organizaci\u00f3n dedicada a la defensa de los derechos humanos, especialmente en los aspectos relacionados con este gremio.<\/p>\n\n\n\n<p>Al d\u00eda de hoy 143 trabajadores de la salud se han contagiado del virus covid-19 desde que comenz\u00f3 la pandemia y de esos casos 79 corresponden al a\u00f1o 2021, lo que a juicio de la Dra. G\u00f3mez demuestra que no est\u00e1n dadas las condiciones para la atenci\u00f3n de los pacientes, ya que el personal no cuenta con los equipos de bioseguridad y en la mayor\u00eda de los hospitales de Gu\u00e1rico no hay agua para adoptar la medida b\u00e1sica de prevenci\u00f3n, como lo es el lavado frecuente de manos con agua y jab\u00f3n.<\/p>\n\n\n\n<p>En conversaci\u00f3n sostenida con la Dra. Carmen Cecilia G\u00f3mez, dijo que coincid\u00eda con el pronunciamiento expresado esta semana por el infect\u00f3logo Julio Castro, quien alert\u00f3 que estamos en el peor momento de la pandemia y que es un error las semanas de flexibilizaci\u00f3n, motivo por el cual critic\u00f3 que se hagan actos como el celebrado en la Villa Ol\u00edmpica de San Juan de los Morros.<\/p>\n\n\n\n<p>Igualmente, en el contacto con la Web de Altagracia, dijo que el proceso de vacunaci\u00f3n en Gu\u00e1rico es lento, que el personal de salud no ha sido inmunizado como lo demanda el gremio y que eso unido a las condiciones de los centros hospitalarios y lo acelerado de la transmisi\u00f3n del virus, era un panorama nada favorable para los profesionales del \u00e1rea.<\/p>\n\n\n\n<p>@amandasaldivia<\/p>\n\n\n\n<p><\/p>\n","protected":false},"excerpt":{"rendered":"<p>Amanda Saldivia.- Con el deceso del ur\u00f3logo Baudilio Ortiz en Valle de la Pascua, este mi\u00e9rcoles 14 de abril, son 18 los profesionales de la salud que han fallecido con s\u00edntomas asociados a coronavirus en el estado Gu\u00e1rico, eso de acuerdo a la actualizaci\u00f3n realizada hoy por la Dra. Carmen<\/p>\n","protected":false},"author":2,"featured_media":2016,"comment_status":"open","ping_status":"open","sticky":false,"template":"","format":"standard","meta":{"advanced_seo_description":"","jetpack_seo_html_title":"","jetpack_seo_noindex":false,"_jetpack_memberships_contains_paid_content":false,"footnotes":"","jetpack_publicize_message":"","jetpack_publicize_feature_enabled":true,"jetpack_social_post_already_shared":true,"jetpack_social_options":{"image_generator_settings":{"template":"highway","enabled":false},"version":2}},"categories":[195],"tags":[137,7,215,32],"class_list":["post-2015","post","type-post","status-publish","format-standard","has-post-thumbnail","hentry","category-covid-19","tag-covid-19","tag-guarico","tag-medicosunidosvenezuela","tag-webdealta",""],"jetpack_publicize_connections":[],"jetpack_featured_media_url":"https:\/\/webdealta.info\/wp-content\/uploads\/2021\/04\/medicos-unidos-venezuela.jpg","jetpack_sharing_enabled":true,"jetpack_likes_enabled":true,"jetpack-related-posts":[],"jetpack_shortlink":"https:\/\/wp.me\/pcseDn-wv","_links":{"self":[{"href":"https:\/\/webdealta.info\/index.php?rest_route=\/wp\/v2\/posts\/2015","targetHints":{"allow":["GET"]}}],"collection":[{"href":"https:\/\/webdealta.info\/index.php?rest_route=\/wp\/v2\/posts"}],"about":[{"href":"https:\/\/webdealta.info\/index.php?rest_route=\/wp\/v2\/types\/post"}],"author":[{"embeddable":true,"href":"https:\/\/webdealta.info\/index.php?rest_route=\/wp\/v2\/users\/2"}],"replies":[{"embeddable":true,"href":"https:\/\/webdealta.info\/index.php?rest_route=%2Fwp%2Fv2%2Fcomments&post=2015"}],"version-history":[{"count":1,"href":"https:\/\/webdealta.info\/index.php?rest_route=\/wp\/v2\/posts\/2015\/revisions"}],"predecessor-version":[{"id":2017,"href":"https:\/\/webdealta.info\/index.php?rest_route=\/wp\/v2\/posts\/2015\/revisions\/2017"}],"wp:featuredmedia":[{"embeddable":true,"href":"https:\/\/webdealta.info\/index.php?rest_route=\/wp\/v2\/media\/2016"}],"wp:attachment":[{"href":"https:\/\/webdealta.info\/index.php?rest_route=%2Fwp%2Fv2%2Fmedia&parent=2015"}],"wp:term":[{"taxonomy":"category","embeddable":true,"href":"https:\/\/webdealta.info\/index.php?rest_route=%2Fwp%2Fv2%2Fcategories&post=2015"},{"taxonomy":"post_tag","embeddable":true,"href":"https:\/\/webdealta.info\/index.php?rest_route=%2Fwp%2Fv2%2Ftags&post=2015"}],"curies":[{"name":"wp","href":"https:\/\/api.w.org\/{rel}","templated":true}]}}