{"id":1981,"date":"2021-04-12T22:30:09","date_gmt":"2021-04-13T02:30:09","guid":{"rendered":"https:\/\/webdealta.info\/?p=1981"},"modified":"2021-04-12T22:30:23","modified_gmt":"2021-04-13T02:30:23","slug":"uso-de-lena-trajo-devastacion-en-zonas-de-altagracia","status":"publish","type":"post","link":"https:\/\/webdealta.info\/?p=1981","title":{"rendered":"Uso de le\u00f1a trajo devastaci\u00f3n en zonas de Altagracia"},"content":{"rendered":"\n<p>Amanda Saldivia.-<\/p>\n\n\n\n<p>Amplias zonas devastadas por la tala y la quema reportan vecinos de Altagracia de Orituco, Gu\u00e1rico y creen que esa acci\u00f3n est\u00e1 vinculada a la necesidad de obtener le\u00f1a para la cocci\u00f3n de los alimentos, debido a los meses en que hubo una mayor escasez de gas dom\u00e9stico y ahora precios de los cilindros que sobrepasan el presupuesto familiar, lo que trae como consecuencia que los fogones todav\u00eda sean una opci\u00f3n.<\/p>\n\n\n\n<p>As\u00ed lo considera Julio Rossa, habitante de Colinas de Camoruco y veedor del Observatorio Ciudadano de Pol\u00edticas P\u00fablicas La Gente Propone, proyecto del grupo social Cesap en esta regi\u00f3n guarique\u00f1a, quien denunci\u00f3 ante este medio digital lo que pudo evidenciar en la zona norte de Camoruco, la cual se conoce como El Uvero v\u00eda El Polo.<\/p>\n\n\n\n<p>Cont\u00f3 que se traslad\u00f3 al lugar, porque de all\u00ed proviene el humo que constantemente los afecta y al llegar evidenci\u00f3 la extensa \u00e1rea talada, incluso sin respetar especies como el Araguaney. Lament\u00f3 el da\u00f1o que se gener\u00f3 al ambiente y a la salud, al tiempo que hizo un llamado a las autoridades para que frenen esta acci\u00f3n.<\/p>\n\n\n\n<p>@amandasaldivia<\/p>\n\n\n\n<p><\/p>\n\n\n\n<p><\/p>\n\n\n\n<p><\/p>\n","protected":false},"excerpt":{"rendered":"<p>Amanda Saldivia.- Amplias zonas devastadas por la tala y la quema reportan vecinos de Altagracia de Orituco, Gu\u00e1rico y creen que esa acci\u00f3n est\u00e1 vinculada a la necesidad de obtener le\u00f1a para la cocci\u00f3n de los alimentos, debido a los meses en que hubo una mayor escasez de gas dom\u00e9stico<\/p>\n","protected":false},"author":2,"featured_media":1982,"comment_status":"open","ping_status":"open","sticky":false,"template":"","format":"standard","meta":{"advanced_seo_description":"","jetpack_seo_html_title":"","jetpack_seo_noindex":false,"_jetpack_memberships_contains_paid_content":false,"footnotes":"","jetpack_publicize_message":"","jetpack_publicize_feature_enabled":true,"jetpack_social_post_already_shared":true,"jetpack_social_options":{"image_generator_settings":{"template":"highway","enabled":false},"version":2}},"categories":[197],"tags":[8],"class_list":["post-1981","post","type-post","status-publish","format-standard","has-post-thumbnail","hentry","category-denuncia","tag-altagraciadeorituco",""],"jetpack_publicize_connections":[],"jetpack_featured_media_url":"https:\/\/webdealta.info\/wp-content\/uploads\/2021\/04\/Tala-webdealta.jpg","jetpack_sharing_enabled":true,"jetpack_likes_enabled":true,"jetpack-related-posts":[],"jetpack_shortlink":"https:\/\/wp.me\/pcseDn-vX","_links":{"self":[{"href":"https:\/\/webdealta.info\/index.php?rest_route=\/wp\/v2\/posts\/1981","targetHints":{"allow":["GET"]}}],"collection":[{"href":"https:\/\/webdealta.info\/index.php?rest_route=\/wp\/v2\/posts"}],"about":[{"href":"https:\/\/webdealta.info\/index.php?rest_route=\/wp\/v2\/types\/post"}],"author":[{"embeddable":true,"href":"https:\/\/webdealta.info\/index.php?rest_route=\/wp\/v2\/users\/2"}],"replies":[{"embeddable":true,"href":"https:\/\/webdealta.info\/index.php?rest_route=%2Fwp%2Fv2%2Fcomments&post=1981"}],"version-history":[{"count":1,"href":"https:\/\/webdealta.info\/index.php?rest_route=\/wp\/v2\/posts\/1981\/revisions"}],"predecessor-version":[{"id":1983,"href":"https:\/\/webdealta.info\/index.php?rest_route=\/wp\/v2\/posts\/1981\/revisions\/1983"}],"wp:featuredmedia":[{"embeddable":true,"href":"https:\/\/webdealta.info\/index.php?rest_route=\/wp\/v2\/media\/1982"}],"wp:attachment":[{"href":"https:\/\/webdealta.info\/index.php?rest_route=%2Fwp%2Fv2%2Fmedia&parent=1981"}],"wp:term":[{"taxonomy":"category","embeddable":true,"href":"https:\/\/webdealta.info\/index.php?rest_route=%2Fwp%2Fv2%2Fcategories&post=1981"},{"taxonomy":"post_tag","embeddable":true,"href":"https:\/\/webdealta.info\/index.php?rest_route=%2Fwp%2Fv2%2Ftags&post=1981"}],"curies":[{"name":"wp","href":"https:\/\/api.w.org\/{rel}","templated":true}]}}