{"id":1956,"date":"2021-04-08T13:43:51","date_gmt":"2021-04-08T17:43:51","guid":{"rendered":"https:\/\/webdealta.info\/?p=1956"},"modified":"2021-04-08T13:43:54","modified_gmt":"2021-04-08T17:43:54","slug":"cerrada-sala-de-rehabilitacion-integral-el-diamante","status":"publish","type":"post","link":"https:\/\/webdealta.info\/?p=1956","title":{"rendered":"Cerrada Sala de Rehabilitaci\u00f3n Integral El Diamante"},"content":{"rendered":"\n<p>Amanda Saldivia.-<\/p>\n\n\n\n<p>Por un lapso estimado de dos semanas estar\u00e1n cerradas al p\u00fablico las instalaciones de la Sala Rehabilitaci\u00f3n Integral El Diamante, ubicada en Altagracia de Orituco, Gu\u00e1rico, debido a labores de mantenimiento y mejoras que ejecuta la alcald\u00eda del municipio Monagas, a trav\u00e9s de Fundavi.<\/p>\n\n\n\n<p>Yuly Santiago, presidenta de la citada fundaci\u00f3n, dijo a la Web de Altagracia que los trabajos incluyen \u201ccolocaci\u00f3n de manto para solventar filtraciones, recuperaci\u00f3n de paredes con grietas, colocaci\u00f3n de herraje a lavamanos y pocetas, instalaci\u00f3n de l\u00e1mparas, sustituci\u00f3n del vidrio de la puerta principal, colocaci\u00f3n de toma de agua en las jardineras y la pintura total de las instalaciones\u201d.<\/p>\n\n\n\n<p>Precis\u00f3 que la cuadrilla de Fundavi est\u00e1 integrada por cinco personas, todas con experiencia en el \u00e1rea de mantenimiento y alba\u00f1iler\u00eda, adem\u00e1s de la disposici\u00f3n de avanzar lo m\u00e1s pronto posible con los trabajos para que los especialistas de esa Sala de Rehabilitaci\u00f3n contin\u00faen con el importante servicio que prestan a la comunidad.<\/p>\n\n\n\n<p>Aprovech\u00f3 el contacto con este medio digital para destacar otras labores que han realizado de diciembre a esta fecha, entre las que mencion\u00f3 mejoras al bulevar R\u00f3mulo Gallegos y las plazas Bol\u00edvar, Chapaiguana y Dr. Pedro Mar\u00eda Ar\u00e9valo.<\/p>\n\n\n\n<p>@amandasaldivia<\/p>\n\n\n\n<p><\/p>\n","protected":false},"excerpt":{"rendered":"<p>Amanda Saldivia.- Por un lapso estimado de dos semanas estar\u00e1n cerradas al p\u00fablico las instalaciones de la Sala Rehabilitaci\u00f3n Integral El Diamante, ubicada en Altagracia de Orituco, Gu\u00e1rico, debido a labores de mantenimiento y mejoras que ejecuta la alcald\u00eda del municipio Monagas, a trav\u00e9s de Fundavi. Yuly Santiago, presidenta de<\/p>\n","protected":false},"author":2,"featured_media":1957,"comment_status":"open","ping_status":"open","sticky":false,"template":"","format":"standard","meta":{"advanced_seo_description":"","jetpack_seo_html_title":"","jetpack_seo_noindex":false,"_jetpack_memberships_contains_paid_content":false,"footnotes":"","jetpack_publicize_message":"","jetpack_publicize_feature_enabled":true,"jetpack_social_post_already_shared":true,"jetpack_social_options":{"image_generator_settings":{"template":"highway","enabled":false},"version":2}},"categories":[207],"tags":[32],"class_list":["post-1956","post","type-post","status-publish","format-standard","has-post-thumbnail","hentry","category-mantenimiento","tag-webdealta",""],"jetpack_publicize_connections":[],"jetpack_featured_media_url":"https:\/\/webdealta.info\/wp-content\/uploads\/2021\/04\/SRI-Webdealta.jpeg","jetpack_sharing_enabled":true,"jetpack_likes_enabled":true,"jetpack-related-posts":[],"jetpack_shortlink":"https:\/\/wp.me\/pcseDn-vy","_links":{"self":[{"href":"https:\/\/webdealta.info\/index.php?rest_route=\/wp\/v2\/posts\/1956","targetHints":{"allow":["GET"]}}],"collection":[{"href":"https:\/\/webdealta.info\/index.php?rest_route=\/wp\/v2\/posts"}],"about":[{"href":"https:\/\/webdealta.info\/index.php?rest_route=\/wp\/v2\/types\/post"}],"author":[{"embeddable":true,"href":"https:\/\/webdealta.info\/index.php?rest_route=\/wp\/v2\/users\/2"}],"replies":[{"embeddable":true,"href":"https:\/\/webdealta.info\/index.php?rest_route=%2Fwp%2Fv2%2Fcomments&post=1956"}],"version-history":[{"count":1,"href":"https:\/\/webdealta.info\/index.php?rest_route=\/wp\/v2\/posts\/1956\/revisions"}],"predecessor-version":[{"id":1958,"href":"https:\/\/webdealta.info\/index.php?rest_route=\/wp\/v2\/posts\/1956\/revisions\/1958"}],"wp:featuredmedia":[{"embeddable":true,"href":"https:\/\/webdealta.info\/index.php?rest_route=\/wp\/v2\/media\/1957"}],"wp:attachment":[{"href":"https:\/\/webdealta.info\/index.php?rest_route=%2Fwp%2Fv2%2Fmedia&parent=1956"}],"wp:term":[{"taxonomy":"category","embeddable":true,"href":"https:\/\/webdealta.info\/index.php?rest_route=%2Fwp%2Fv2%2Fcategories&post=1956"},{"taxonomy":"post_tag","embeddable":true,"href":"https:\/\/webdealta.info\/index.php?rest_route=%2Fwp%2Fv2%2Ftags&post=1956"}],"curies":[{"name":"wp","href":"https:\/\/api.w.org\/{rel}","templated":true}]}}