{"id":1925,"date":"2021-04-04T15:32:48","date_gmt":"2021-04-04T19:32:48","guid":{"rendered":"https:\/\/webdealta.info\/?p=1925"},"modified":"2021-04-04T15:32:51","modified_gmt":"2021-04-04T19:32:51","slug":"licenciado-margarito-quintana-nuevo-director-de-salud-municipal","status":"publish","type":"post","link":"https:\/\/webdealta.info\/?p=1925","title":{"rendered":"Licenciado Margarito Quintana nuevo Director de Salud Municipal"},"content":{"rendered":"\n<h4 class=\"wp-block-heading\">Estima que esta semana est\u00e9n en funcionamiento todos los servicios del CDI<\/h4>\n\n\n\n<p>Amanda Saldivia.-<\/p>\n\n\n\n<p>El licenciado Margarito Quintana fue recientemente designado Director de la ASIC en el municipio Monagas, Gu\u00e1rico, siglas que identifican al \u00c1rea de Salud Integral Comunitaria, dependencia que coordina el hospital Dr. Jos\u00e9 Francisco Torrealba, el CDI Ricardo Isidro Bernal Ramos, los ambulatorios, las Bases de Misiones, Centro de Rehabilitaci\u00f3n Integral y la cl\u00ednica popular de Ipare.<\/p>\n\n\n\n<p>Margarito Quintana es licenciado en Enfermer\u00eda y Administraci\u00f3n, con 10 a\u00f1os de experiencia en distintos cargos relacionados a la gerencia de salud en esta regi\u00f3n guarique\u00f1a, fue coordinador de Barrio Adentro, Supervisor General de Servicios Hospitalarios y era el adjunto a la ASIC, hasta que recientemente fue designado como director de esa dependencia; mientras el Dr. Arqu\u00edmedes M\u00e1rquez, quien ven\u00eda desempe\u00f1ando esa funci\u00f3n, ahora solo tendr\u00e1 la responsabilidad como director del hospital Dr. Jos\u00e9 Francisco Torrealba.<\/p>\n\n\n\n<p>En una conversaci\u00f3n sostenida en la tarde de este domingo,\u00a0le preguntamos al licenciado Quintana acerca de las razones por las cu\u00e1les el CDI no estaba en pleno funcionamiento y aclar\u00f3 que solo fue posible durante estas semanas la consulta general, porque se registr\u00f3 una falla en el equipo hidroneum\u00e1tico que no permiti\u00f3 la activaci\u00f3n del resto de los servicios, entre ellos Rayos X, Laboratorio y sala de hospitalizaci\u00f3n covid.<\/p>\n\n\n\n<p>Precis\u00f3 que ya disponen de los componentes que ser\u00e1n sustituidos en el equipo averiado, motivo por el cual estima que a partir del pr\u00f3ximo jueves 8 de abril puedan estar en funcionamiento todos los servicios.<\/p>\n\n\n\n<p>Igualmente aprovech\u00f3 la oportunidad para informar que el Dr. Lian Daniel fue designado nuevo director del CDI, por parte de la misi\u00f3n cubana.<\/p>\n\n\n\n<p>@amandasaldivia<\/p>\n\n\n\n<p><\/p>\n","protected":false},"excerpt":{"rendered":"<p>Estima que esta semana est\u00e9n en funcionamiento todos los servicios del CDI Amanda Saldivia.- El licenciado Margarito Quintana fue recientemente designado Director de la ASIC en el municipio Monagas, Gu\u00e1rico, siglas que identifican al \u00c1rea de Salud Integral Comunitaria, dependencia que coordina el hospital Dr. Jos\u00e9 Francisco Torrealba, el CDI<\/p>\n","protected":false},"author":2,"featured_media":1926,"comment_status":"open","ping_status":"open","sticky":false,"template":"","format":"standard","meta":{"advanced_seo_description":"","jetpack_seo_html_title":"","jetpack_seo_noindex":false,"_jetpack_memberships_contains_paid_content":false,"footnotes":"","jetpack_publicize_message":"","jetpack_publicize_feature_enabled":true,"jetpack_social_post_already_shared":true,"jetpack_social_options":{"image_generator_settings":{"template":"highway","enabled":false},"version":2}},"categories":[12],"tags":[8,192,32],"class_list":["post-1925","post","type-post","status-publish","format-standard","has-post-thumbnail","hentry","category-salud","tag-altagraciadeorituco","tag-cdi","tag-webdealta",""],"jetpack_publicize_connections":[],"jetpack_featured_media_url":"https:\/\/webdealta.info\/wp-content\/uploads\/2021\/04\/Webdealta-CDI.jpg","jetpack_sharing_enabled":true,"jetpack_likes_enabled":true,"jetpack-related-posts":[],"jetpack_shortlink":"https:\/\/wp.me\/pcseDn-v3","_links":{"self":[{"href":"https:\/\/webdealta.info\/index.php?rest_route=\/wp\/v2\/posts\/1925","targetHints":{"allow":["GET"]}}],"collection":[{"href":"https:\/\/webdealta.info\/index.php?rest_route=\/wp\/v2\/posts"}],"about":[{"href":"https:\/\/webdealta.info\/index.php?rest_route=\/wp\/v2\/types\/post"}],"author":[{"embeddable":true,"href":"https:\/\/webdealta.info\/index.php?rest_route=\/wp\/v2\/users\/2"}],"replies":[{"embeddable":true,"href":"https:\/\/webdealta.info\/index.php?rest_route=%2Fwp%2Fv2%2Fcomments&post=1925"}],"version-history":[{"count":1,"href":"https:\/\/webdealta.info\/index.php?rest_route=\/wp\/v2\/posts\/1925\/revisions"}],"predecessor-version":[{"id":1927,"href":"https:\/\/webdealta.info\/index.php?rest_route=\/wp\/v2\/posts\/1925\/revisions\/1927"}],"wp:featuredmedia":[{"embeddable":true,"href":"https:\/\/webdealta.info\/index.php?rest_route=\/wp\/v2\/media\/1926"}],"wp:attachment":[{"href":"https:\/\/webdealta.info\/index.php?rest_route=%2Fwp%2Fv2%2Fmedia&parent=1925"}],"wp:term":[{"taxonomy":"category","embeddable":true,"href":"https:\/\/webdealta.info\/index.php?rest_route=%2Fwp%2Fv2%2Fcategories&post=1925"},{"taxonomy":"post_tag","embeddable":true,"href":"https:\/\/webdealta.info\/index.php?rest_route=%2Fwp%2Fv2%2Ftags&post=1925"}],"curies":[{"name":"wp","href":"https:\/\/api.w.org\/{rel}","templated":true}]}}