{"id":1918,"date":"2021-04-03T11:07:40","date_gmt":"2021-04-03T15:07:40","guid":{"rendered":"https:\/\/webdealta.info\/?p=1918"},"modified":"2021-04-03T11:07:44","modified_gmt":"2021-04-03T15:07:44","slug":"el-nazareno-de-altagracia-de-orituco-tradicion-desde-el-ano-1840","status":"publish","type":"post","link":"https:\/\/webdealta.info\/?p=1918","title":{"rendered":"El Nazareno de Altagracia de Orituco: tradici\u00f3n desde el a\u00f1o 1840"},"content":{"rendered":"\n<p>Amanda Saldivia.-<\/p>\n\n\n\n<figure class=\"wp-block-image size-large\"><img loading=\"lazy\" decoding=\"async\" width=\"1024\" height=\"546\" src=\"https:\/\/webdealta.info\/wp-content\/uploads\/2021\/04\/Nazareno-1-webdealta-1024x546.png\" alt=\"\" class=\"wp-image-1922\" srcset=\"https:\/\/webdealta.info\/wp-content\/uploads\/2021\/04\/Nazareno-1-webdealta.png 1024w, https:\/\/webdealta.info\/wp-content\/uploads\/2021\/04\/Nazareno-1-webdealta.png 300w, https:\/\/webdealta.info\/wp-content\/uploads\/2021\/04\/Nazareno-1-webdealta.png 768w, https:\/\/webdealta.info\/wp-content\/uploads\/2021\/04\/Nazareno-1-webdealta.png 1170w, https:\/\/webdealta.info\/wp-content\/uploads\/2021\/04\/Nazareno-1-webdealta.png 1500w, https:\/\/webdealta.info\/wp-content\/uploads\/2021\/04\/Nazareno-1-webdealta.png 1280w\" sizes=\"auto, (max-width: 640px) 100vw, 640px\" \/><\/figure>\n\n\n\n<p>La historia que compartimos hoy es gracias a la conversaci\u00f3n que sostuvo Veronique Valed\u00f3n en el a\u00f1o 2000 con su abuela materna Natividad Augusta Toledo Garc\u00eda, quien escuchaba contar como los hermanos Teodoro Augusto Toledo (Abuelo de Natividad) y Aquilino Toledo trajeron la imagen del Nazareno de la familia a esta tierra gracitana en el a\u00f1o 1840.<\/p>\n\n\n\n<p>El testimonio form\u00f3 parte de un trabajo Titulado La Familia Toledo y El Nazareno de Altagracia de Orituco, realizado por Veronique Valed\u00f3n en el a\u00f1o 2000 cuando estudiaba Sociolog\u00eda en la Universidad Central de Venezuela y decide realzar la tradici\u00f3n como parte del taller Vivir cotidiano, formas de lo sagrado y organizaci\u00f3n social.<\/p>\n\n\n\n<p>Veronique plasma en el trabajo que su abuela Natividad era conocida como Natty de Hurtado, luego de contraer nupcias con su abuelo C\u00e9sar Hurtado. Natty naci\u00f3 en Altagracia de Orituco el 25 de enero, se cree que en 1919, porque la abuela dec\u00eda \u201clo que sale en la c\u00e9dula no es mi a\u00f1o, porque eso fue lo que calcul\u00f3 el muchacho, yo nac\u00ed antes\u2026\u201d, eso al explicar que eran 10 hermanos producto de la uni\u00f3n entre Mar\u00eda Garc\u00eda de Toledo y Teodoro Augusto Toledo Garc\u00eda, este \u00faltimo hijo de Teodoro Augusto Toledo, quien trajo la imagen del Nazareno a tierra gracitana, junto a Aquilino Toledo, ambos comerciantes.<\/p>\n\n\n\n<p>Cont\u00f3 Natty de Hurtado que la imagen fue tra\u00edda de Espa\u00f1a y posteriormente trasladada a Altagracia. La iniciativa fue de \u201cdos hermanos Teodoro Augusto Toledo y Aquilino Toledo\u2026como no hab\u00eda caminos ni carreteras, \u00e9l con su caballo y con la gran cantidad de peones que se trajo\u2026se lo llevaron por caminitos y no iban a caballo, sino a pie con una hamaca, una especie de chinchorrito donde iba el Nazareno, la Cruz y todas las dem\u00e1s cosas iban en cajas, esos eran muchos hombres para llevarlo de aqu\u00ed a Altagracia\u2026Aquilino lo llev\u00f3 desde Caracas con los peones y su hermano Teodoro lo esperaba all\u00e1, pero el dinero fue de los dos\u201d.<\/p>\n\n\n\n<figure class=\"wp-block-image size-large\"><img loading=\"lazy\" decoding=\"async\" width=\"1024\" height=\"546\" src=\"https:\/\/webdealta.info\/wp-content\/uploads\/2021\/04\/Nazareno-3.1-webdealta-1024x546.png\" alt=\"\" class=\"wp-image-1921\" srcset=\"https:\/\/webdealta.info\/wp-content\/uploads\/2021\/04\/Nazareno-3.1-webdealta.png 1024w, https:\/\/webdealta.info\/wp-content\/uploads\/2021\/04\/Nazareno-3.1-webdealta.png 300w, https:\/\/webdealta.info\/wp-content\/uploads\/2021\/04\/Nazareno-3.1-webdealta.png 768w, https:\/\/webdealta.info\/wp-content\/uploads\/2021\/04\/Nazareno-3.1-webdealta.png 1170w, https:\/\/webdealta.info\/wp-content\/uploads\/2021\/04\/Nazareno-3.1-webdealta.png 1500w, https:\/\/webdealta.info\/wp-content\/uploads\/2021\/04\/Nazareno-3.1-webdealta.png 1280w\" sizes=\"auto, (max-width: 640px) 100vw, 640px\" \/><\/figure>\n\n\n\n<p>Al Veronique indagar acerca de las razones por las cuales los hermanos Toledo hab\u00edan decidido traer la imagen del Nazareno desde Espa\u00f1a, Natty respondi\u00f3 que \u201cse supone que era un regalo para la Iglesia, porque no hab\u00eda Nazareno, pero Mar\u00eda Machado, quien era nieta de Pap\u00e1 Tololo (nombre con el cual la familia llamaba a Teodoro Toledo), me cont\u00f3 que hab\u00eda un Nazareno de una familia Vargas, pero despu\u00e9s que lo sacaron no pudieron sacarlo m\u00e1s de lo feo que era, porque asustaba a todos, no s\u00e9 m\u00e1s nada, porque m\u00e1s nadie sab\u00eda\u201d.<\/p>\n\n\n\n<p>Lo que s\u00ed qued\u00f3 en la historia y pas\u00f3 de generaci\u00f3n en generaci\u00f3n en la familia Toledo es que la Semana Santa de 1840 fue un gran evento, que la imagen estaba en la casa&nbsp; y que mucha gente se involucr\u00f3 en el arreglo del Nazareno. Adem\u00e1s Natty relat\u00f3 que esa fecha \u201cera como un 31 de diciembre, como un a\u00f1o nuevo, toda una fiesta, todos se acomodaban y estrenaban como si fuera fin de a\u00f1o y todo el d\u00eda la casa Tolede\u00f1a estaba de festividad\u2026y luego que estaba listo lo ven\u00edan a buscar a la casa para la misa de las 7 de la ma\u00f1ana, pero la misa solemne era y sigue siendo la de las 9:00 am, con m\u00fasica, donde iba toda la planta mayor, la gente de la sociedad de Altagracia de Orituco\u2026Al Nazareno lo buscaba el sacerdote con sus monaguillos y los cargadores\u2026y lo regresaban al terminar la festividad\u2026y cuando sal\u00eda a la puerta reventaba la marcha del Nazareno que la escribi\u00f3 Jos\u00e9 Calixto Mor\u00edn, un m\u00fasico de Altagracia y luego por las esquinas sonaba la m\u00fasica Sacra\u2026la procesi\u00f3n estaba guiada por Pap\u00e1 Tololo acompa\u00f1ado por su hijo Teodoro, mi pap\u00e1, tambi\u00e9n se hac\u00eda la repartici\u00f3n de velas\u201d.<\/p>\n\n\n\n<p>En la conversaci\u00f3n entre Veronique y su abuela Natty, esta \u00faltima dice que su pap\u00e1 Teodoro Augusto Toledo estaba pendiente de que al Nazareno no le faltara un hogar \u201cahora tiene su propia casa en la hacienda de los Valed\u00f3n llamada Santa Juana, donde se le construy\u00f3 una capilla, la cual fue bendecida por el padre Mujica con el permiso de Monse\u00f1or y en donde se pueden realizar los actos religiosos\u2026de all\u00ed sacan al Nazareno y se lleva a la Iglesia para la misa y procesi\u00f3n, luego el jueves desmontan la figura y se regresa para su casa con sus flores\u2026la familia siempre ha sido devota y todos han participado y contribuido para mantener viva la tradici\u00f3n\u201d.<\/p>\n\n\n\n<figure class=\"wp-block-image size-large\"><img loading=\"lazy\" decoding=\"async\" width=\"1024\" height=\"546\" src=\"https:\/\/webdealta.info\/wp-content\/uploads\/2021\/04\/Natty-webdealta-1024x546.jpeg\" alt=\"\" class=\"wp-image-1920\" srcset=\"https:\/\/webdealta.info\/wp-content\/uploads\/2021\/04\/Natty-webdealta.jpeg 1024w, https:\/\/webdealta.info\/wp-content\/uploads\/2021\/04\/Natty-webdealta.jpeg 300w, https:\/\/webdealta.info\/wp-content\/uploads\/2021\/04\/Natty-webdealta.jpeg 768w, https:\/\/webdealta.info\/wp-content\/uploads\/2021\/04\/Natty-webdealta.jpeg 1170w, https:\/\/webdealta.info\/wp-content\/uploads\/2021\/04\/Natty-webdealta.jpeg 1500w, https:\/\/webdealta.info\/wp-content\/uploads\/2021\/04\/Natty-webdealta.jpeg 1280w\" sizes=\"auto, (max-width: 640px) 100vw, 640px\" \/><figcaption>Natty Toledo de Hurtado 1919-2007<\/figcaption><\/figure>\n\n\n\n<p>Igualmente destac\u00f3 que \u201cen la misa y en la procesi\u00f3n todos se vest\u00edan de morado para pagar promesas y cumplir con los favores recibidos\u2026todo el pueblo de Altagracia y sus alrededores se suman a la celebraci\u00f3n del Nazareno, conocido como el Nazareno de los Toledo que hace milagros, unos a pedir favores otros a dar gracias, es lo m\u00e1s solemne que hay y lo \u00fanico que se ve es un manto morado\u2026la gente dice que yo soy la due\u00f1a del Santo y yo siempre les contesto que solo soy la representantes de los Toledo y que el Nazareno es del Pueblo y de todos los que creen en \u00e9l\u2026la gente dec\u00eda lleg\u00f3 Natty Nazareno, yo les dec\u00eda, no, yo soy Natty Toledo\u201d.<\/p>\n\n\n\n<p>Al culminar el relato Natty le coment\u00f3 a Veronique \u201c\u2026recordar es vivir y aspiro que continuemos todos los familiares con esta tradici\u00f3n tan bella y llena de fe\u201d. Natividad Augusta Toledo Garc\u00eda, Natty, muri\u00f3 el 15 de noviembre de 2007 y ya antes de esa fecha su sobrina Carmen Valed\u00f3n asumi\u00f3 la responsabilidad de ser la gu\u00eda de esta tradici\u00f3n familiar.<\/p>\n\n\n\n<p>Producto de la pandemia, la imagen del Nazareno de los Toledo, el Nazareno de Altagracia de Orituco, tiene dos a\u00f1os que no ha sido trasladado hasta la Iglesia Nuestra Se\u00f1ora de Altagracia en la v\u00edspera del Mi\u00e9rcoles Santo, en virtud de las restricciones que implican las medidas de bioseguridad que hay que cumplir.<\/p>\n\n\n\n<p>Sin embargo, este a\u00f1o 2021 la familia Valed\u00f3n, entre ellos Catherine Valed\u00f3n y su hermano Jes\u00fas, nietos de Carmen Valed\u00f3n, hermana de Natty, acompa\u00f1ados por un peque\u00f1o grupo de devotos realizaron un Santo Rosario en la capilla de la hacienda Santa Juana, para elevar sus peticiones y seguir una tradici\u00f3n de fe que se remonta al a\u00f1o 1840 cuando la imagen fue venerada por primera vez luego de la traves\u00eda para traerla a la casa Tolede\u00f1a en Altagracia de Orituco, ubicada en la calle Rond\u00f3n cruce con Sucre.<\/p>\n\n\n\n<p>@amandasaldivia<\/p>\n\n\n\n<p><\/p>\n","protected":false},"excerpt":{"rendered":"<p>Amanda Saldivia.- La historia que compartimos hoy es gracias a la conversaci\u00f3n que sostuvo Veronique Valed\u00f3n en el a\u00f1o 2000 con su abuela materna Natividad Augusta Toledo Garc\u00eda, quien escuchaba contar como los hermanos Teodoro Augusto Toledo (Abuelo de Natividad) y Aquilino Toledo trajeron la imagen del Nazareno de la<\/p>\n","protected":false},"author":2,"featured_media":1919,"comment_status":"open","ping_status":"open","sticky":false,"template":"","format":"standard","meta":{"advanced_seo_description":"","jetpack_seo_html_title":"","jetpack_seo_noindex":false,"_jetpack_memberships_contains_paid_content":false,"footnotes":"","jetpack_publicize_message":"","jetpack_publicize_feature_enabled":true,"jetpack_social_post_already_shared":true,"jetpack_social_options":{"image_generator_settings":{"template":"highway","enabled":false},"version":2}},"categories":[202],"tags":[8,203,32],"class_list":["post-1918","post","type-post","status-publish","format-standard","has-post-thumbnail","hentry","category-semana-santa","tag-altagraciadeorituco","tag-nazareno","tag-webdealta",""],"jetpack_publicize_connections":[],"jetpack_featured_media_url":"https:\/\/webdealta.info\/wp-content\/uploads\/2021\/04\/Nazareno-2-webdealta.png","jetpack_sharing_enabled":true,"jetpack_likes_enabled":true,"jetpack-related-posts":[],"jetpack_shortlink":"https:\/\/wp.me\/pcseDn-uW","_links":{"self":[{"href":"https:\/\/webdealta.info\/index.php?rest_route=\/wp\/v2\/posts\/1918","targetHints":{"allow":["GET"]}}],"collection":[{"href":"https:\/\/webdealta.info\/index.php?rest_route=\/wp\/v2\/posts"}],"about":[{"href":"https:\/\/webdealta.info\/index.php?rest_route=\/wp\/v2\/types\/post"}],"author":[{"embeddable":true,"href":"https:\/\/webdealta.info\/index.php?rest_route=\/wp\/v2\/users\/2"}],"replies":[{"embeddable":true,"href":"https:\/\/webdealta.info\/index.php?rest_route=%2Fwp%2Fv2%2Fcomments&post=1918"}],"version-history":[{"count":1,"href":"https:\/\/webdealta.info\/index.php?rest_route=\/wp\/v2\/posts\/1918\/revisions"}],"predecessor-version":[{"id":1923,"href":"https:\/\/webdealta.info\/index.php?rest_route=\/wp\/v2\/posts\/1918\/revisions\/1923"}],"wp:featuredmedia":[{"embeddable":true,"href":"https:\/\/webdealta.info\/index.php?rest_route=\/wp\/v2\/media\/1919"}],"wp:attachment":[{"href":"https:\/\/webdealta.info\/index.php?rest_route=%2Fwp%2Fv2%2Fmedia&parent=1918"}],"wp:term":[{"taxonomy":"category","embeddable":true,"href":"https:\/\/webdealta.info\/index.php?rest_route=%2Fwp%2Fv2%2Fcategories&post=1918"},{"taxonomy":"post_tag","embeddable":true,"href":"https:\/\/webdealta.info\/index.php?rest_route=%2Fwp%2Fv2%2Ftags&post=1918"}],"curies":[{"name":"wp","href":"https:\/\/api.w.org\/{rel}","templated":true}]}}