{"id":1893,"date":"2021-03-31T14:00:18","date_gmt":"2021-03-31T18:00:18","guid":{"rendered":"https:\/\/webdealta.info\/?p=1893"},"modified":"2021-03-31T14:00:23","modified_gmt":"2021-03-31T18:00:23","slug":"imagen-del-nazareno-recorrio-el-hospital-gracitano","status":"publish","type":"post","link":"https:\/\/webdealta.info\/?p=1893","title":{"rendered":"Imagen del Nazareno recorri\u00f3 el hospital gracitano"},"content":{"rendered":"\n<p>Amanda Saldivia.-<\/p>\n\n\n\n<p>En la ma\u00f1ana de este mi\u00e9rcoles la imagen del Nazareno fue traslada por distintos servicios del hospital Dr. Jos\u00e9 Francisco Torrealba en Altagracia de Orituco, Gu\u00e1rico, como muestra de que la fe y la ciencia van de la mano en el dif\u00edcil momento que vive Venezuela.<\/p>\n\n\n\n<p>La actividad fue organizada por el equipo de enfermer\u00eda de este centro asistencial, quienes con m\u00edstica se mantienen en sus puestos de trabajo a pesar de que los ingresos que perciben no cubren ni un 5 por ciento de la canasta alimentaria y que algunos de ellos han participado activamente en las protestas pac\u00edficas en reclamo de reivindicaciones laborales.<\/p>\n\n\n\n<figure class=\"wp-block-image size-large\"><img loading=\"lazy\" decoding=\"async\" width=\"1024\" height=\"546\" src=\"https:\/\/webdealta.info\/wp-content\/uploads\/2021\/03\/webdealta-nazareno-1024x546.jpeg\" alt=\"\" class=\"wp-image-1895\" srcset=\"https:\/\/webdealta.info\/wp-content\/uploads\/2021\/03\/webdealta-nazareno.jpeg 1024w, https:\/\/webdealta.info\/wp-content\/uploads\/2021\/03\/webdealta-nazareno.jpeg 300w, https:\/\/webdealta.info\/wp-content\/uploads\/2021\/03\/webdealta-nazareno.jpeg 768w, https:\/\/webdealta.info\/wp-content\/uploads\/2021\/03\/webdealta-nazareno.jpeg 1170w, https:\/\/webdealta.info\/wp-content\/uploads\/2021\/03\/webdealta-nazareno.jpeg 1500w, https:\/\/webdealta.info\/wp-content\/uploads\/2021\/03\/webdealta-nazareno.jpeg 1280w\" sizes=\"auto, (max-width: 640px) 100vw, 640px\" \/><\/figure>\n\n\n\n<p>Entre los servicios visitados estuvo las afueras de la sala de aislamiento donde est\u00e1n recluidos ocho pacientes que presentan s\u00edntomas asociados al covid y en las im\u00e1genes se aprecia que fueron recibidos por el Dr. Carlos Macero, m\u00e9dico especialista responsable de esa \u00e1rea hospitalaria.<\/p>\n\n\n\n<figure class=\"wp-block-image size-large\"><img loading=\"lazy\" decoding=\"async\" width=\"1024\" height=\"546\" src=\"https:\/\/webdealta.info\/wp-content\/uploads\/2021\/03\/webdealta-nazareno-macero-1024x546.jpeg\" alt=\"\" class=\"wp-image-1896\" srcset=\"https:\/\/webdealta.info\/wp-content\/uploads\/2021\/03\/webdealta-nazareno-macero.jpeg 1024w, https:\/\/webdealta.info\/wp-content\/uploads\/2021\/03\/webdealta-nazareno-macero.jpeg 300w, https:\/\/webdealta.info\/wp-content\/uploads\/2021\/03\/webdealta-nazareno-macero.jpeg 768w, https:\/\/webdealta.info\/wp-content\/uploads\/2021\/03\/webdealta-nazareno-macero.jpeg 1170w, https:\/\/webdealta.info\/wp-content\/uploads\/2021\/03\/webdealta-nazareno-macero.jpeg 1500w, https:\/\/webdealta.info\/wp-content\/uploads\/2021\/03\/webdealta-nazareno-macero.jpeg 1280w\" sizes=\"auto, (max-width: 640px) 100vw, 640px\" \/><figcaption>Al ser recibidos a las afueras de la sala de aislamiento<\/figcaption><\/figure>\n\n\n\n<p>@amandasaldivia<\/p>\n","protected":false},"excerpt":{"rendered":"<p>Amanda Saldivia.- En la ma\u00f1ana de este mi\u00e9rcoles la imagen del Nazareno fue traslada por distintos servicios del hospital Dr. Jos\u00e9 Francisco Torrealba en Altagracia de Orituco, Gu\u00e1rico, como muestra de que la fe y la ciencia van de la mano en el dif\u00edcil momento que vive Venezuela. La actividad<\/p>\n","protected":false},"author":2,"featured_media":1894,"comment_status":"open","ping_status":"open","sticky":false,"template":"","format":"standard","meta":{"advanced_seo_description":"","jetpack_seo_html_title":"","jetpack_seo_noindex":false,"_jetpack_memberships_contains_paid_content":false,"footnotes":"","jetpack_publicize_message":"","jetpack_publicize_feature_enabled":true,"jetpack_social_post_already_shared":true,"jetpack_social_options":{"image_generator_settings":{"template":"highway","enabled":false},"version":2}},"categories":[202],"tags":[8,203,32],"class_list":["post-1893","post","type-post","status-publish","format-standard","has-post-thumbnail","hentry","category-semana-santa","tag-altagraciadeorituco","tag-nazareno","tag-webdealta",""],"jetpack_publicize_connections":[],"jetpack_featured_media_url":"https:\/\/webdealta.info\/wp-content\/uploads\/2021\/03\/foto-webdealta-nazareno.jpeg","jetpack_sharing_enabled":true,"jetpack_likes_enabled":true,"jetpack-related-posts":[],"jetpack_shortlink":"https:\/\/wp.me\/pcseDn-ux","_links":{"self":[{"href":"https:\/\/webdealta.info\/index.php?rest_route=\/wp\/v2\/posts\/1893","targetHints":{"allow":["GET"]}}],"collection":[{"href":"https:\/\/webdealta.info\/index.php?rest_route=\/wp\/v2\/posts"}],"about":[{"href":"https:\/\/webdealta.info\/index.php?rest_route=\/wp\/v2\/types\/post"}],"author":[{"embeddable":true,"href":"https:\/\/webdealta.info\/index.php?rest_route=\/wp\/v2\/users\/2"}],"replies":[{"embeddable":true,"href":"https:\/\/webdealta.info\/index.php?rest_route=%2Fwp%2Fv2%2Fcomments&post=1893"}],"version-history":[{"count":1,"href":"https:\/\/webdealta.info\/index.php?rest_route=\/wp\/v2\/posts\/1893\/revisions"}],"predecessor-version":[{"id":1897,"href":"https:\/\/webdealta.info\/index.php?rest_route=\/wp\/v2\/posts\/1893\/revisions\/1897"}],"wp:featuredmedia":[{"embeddable":true,"href":"https:\/\/webdealta.info\/index.php?rest_route=\/wp\/v2\/media\/1894"}],"wp:attachment":[{"href":"https:\/\/webdealta.info\/index.php?rest_route=%2Fwp%2Fv2%2Fmedia&parent=1893"}],"wp:term":[{"taxonomy":"category","embeddable":true,"href":"https:\/\/webdealta.info\/index.php?rest_route=%2Fwp%2Fv2%2Fcategories&post=1893"},{"taxonomy":"post_tag","embeddable":true,"href":"https:\/\/webdealta.info\/index.php?rest_route=%2Fwp%2Fv2%2Ftags&post=1893"}],"curies":[{"name":"wp","href":"https:\/\/api.w.org\/{rel}","templated":true}]}}