{"id":1883,"date":"2021-03-30T11:46:03","date_gmt":"2021-03-30T15:46:03","guid":{"rendered":"https:\/\/webdealta.info\/?p=1883"},"modified":"2021-03-30T11:46:05","modified_gmt":"2021-03-30T15:46:05","slug":"no-funciono-planta-del-hospital-por-dano-en-bateria","status":"publish","type":"post","link":"https:\/\/webdealta.info\/?p=1883","title":{"rendered":"No funcion\u00f3 planta del hospital por da\u00f1o en bater\u00eda"},"content":{"rendered":"\n<p>Amanda Saldivia.-<\/p>\n\n\n\n<p>Una falla el\u00e9ctrica, en horas de la noche de este lunes, dej\u00f3 en evidencia que no funciona la planta del hospital Dr. Jos\u00e9 Francisco Torrealba de Altagracia de Orituco, Gu\u00e1rico, lo que gener\u00f3 preocupaci\u00f3n en los profesionales de la salud y la comunidad en general, ante la importancia de garantizar este servicio de manera continua para el funcionamiento de todas las \u00e1reas, especialmente la sala de aislamiento en la cual est\u00e1n al menos ocho pacientes recluidos con s\u00edntomas asociados al covid-19.<\/p>\n\n\n\n<p>Aunque el servicio fue restablecido minutos despu\u00e9s por Corpoelec, se pudo conocer extraoficialmente que la planta el\u00e9ctrica no arranc\u00f3 al presentarse la falla en ese circuito, porque la bater\u00eda sufri\u00f3 da\u00f1os y no fue posible el encendido autom\u00e1tico de los equipos que restablecen el suministro a este centro hospitalario.<\/p>\n\n\n\n<p>Igualmente trascendi\u00f3 que ya fueron realizadas las gestiones ante la Direcci\u00f3n Regional de Salud, a los fines de que sean enviadas al menos dos bater\u00edas que requiere la planta el\u00e9ctrica. <\/p>\n\n\n\n<p>@amandasaldivia<\/p>\n\n\n\n<p><\/p>\n","protected":false},"excerpt":{"rendered":"<p>Amanda Saldivia.- Una falla el\u00e9ctrica, en horas de la noche de este lunes, dej\u00f3 en evidencia que no funciona la planta del hospital Dr. Jos\u00e9 Francisco Torrealba de Altagracia de Orituco, Gu\u00e1rico, lo que gener\u00f3 preocupaci\u00f3n en los profesionales de la salud y la comunidad en general, ante la importancia<\/p>\n","protected":false},"author":2,"featured_media":1084,"comment_status":"open","ping_status":"open","sticky":false,"template":"","format":"standard","meta":{"advanced_seo_description":"","jetpack_seo_html_title":"","jetpack_seo_noindex":false,"_jetpack_memberships_contains_paid_content":false,"footnotes":"","jetpack_publicize_message":"","jetpack_publicize_feature_enabled":true,"jetpack_social_post_already_shared":true,"jetpack_social_options":{"image_generator_settings":{"template":"highway","enabled":false},"version":2}},"categories":[12],"tags":[8,163,32],"class_list":["post-1883","post","type-post","status-publish","format-standard","has-post-thumbnail","hentry","category-salud","tag-altagraciadeorituco","tag-fallaelectrica","tag-webdealta",""],"jetpack_publicize_connections":[],"jetpack_featured_media_url":"https:\/\/webdealta.info\/wp-content\/uploads\/2020\/12\/Hospital-de-Altagracia-webdealta.jpeg","jetpack_sharing_enabled":true,"jetpack_likes_enabled":true,"jetpack-related-posts":[],"jetpack_shortlink":"https:\/\/wp.me\/pcseDn-un","_links":{"self":[{"href":"https:\/\/webdealta.info\/index.php?rest_route=\/wp\/v2\/posts\/1883","targetHints":{"allow":["GET"]}}],"collection":[{"href":"https:\/\/webdealta.info\/index.php?rest_route=\/wp\/v2\/posts"}],"about":[{"href":"https:\/\/webdealta.info\/index.php?rest_route=\/wp\/v2\/types\/post"}],"author":[{"embeddable":true,"href":"https:\/\/webdealta.info\/index.php?rest_route=\/wp\/v2\/users\/2"}],"replies":[{"embeddable":true,"href":"https:\/\/webdealta.info\/index.php?rest_route=%2Fwp%2Fv2%2Fcomments&post=1883"}],"version-history":[{"count":1,"href":"https:\/\/webdealta.info\/index.php?rest_route=\/wp\/v2\/posts\/1883\/revisions"}],"predecessor-version":[{"id":1884,"href":"https:\/\/webdealta.info\/index.php?rest_route=\/wp\/v2\/posts\/1883\/revisions\/1884"}],"wp:featuredmedia":[{"embeddable":true,"href":"https:\/\/webdealta.info\/index.php?rest_route=\/wp\/v2\/media\/1084"}],"wp:attachment":[{"href":"https:\/\/webdealta.info\/index.php?rest_route=%2Fwp%2Fv2%2Fmedia&parent=1883"}],"wp:term":[{"taxonomy":"category","embeddable":true,"href":"https:\/\/webdealta.info\/index.php?rest_route=%2Fwp%2Fv2%2Fcategories&post=1883"},{"taxonomy":"post_tag","embeddable":true,"href":"https:\/\/webdealta.info\/index.php?rest_route=%2Fwp%2Fv2%2Ftags&post=1883"}],"curies":[{"name":"wp","href":"https:\/\/api.w.org\/{rel}","templated":true}]}}