{"id":1868,"date":"2021-03-26T14:18:37","date_gmt":"2021-03-26T18:18:37","guid":{"rendered":"https:\/\/webdealta.info\/?p=1868"},"modified":"2021-03-26T14:18:42","modified_gmt":"2021-03-26T18:18:42","slug":"en-san-rafael-las-misas-seran-transmitiran-por-redes-y-parlantes","status":"publish","type":"post","link":"https:\/\/webdealta.info\/?p=1868","title":{"rendered":"En San Rafael las misas ser\u00e1n transmitir\u00e1n por redes y parlantes"},"content":{"rendered":"\n<p>Amanda Saldivia.-<\/p>\n\n\n\n<p>El padre Pedro Ruiz, gu\u00eda espiritual de la parroquia San Rafael de Orituco, inform\u00f3 que a trav\u00e9s de parlantes y redes sociales ser\u00e1n transmitidas al eucarist\u00edas de Semana Santa en esa poblaci\u00f3n guarique\u00f1a, en virtud de la cuarentena radical.<\/p>\n\n\n\n<p>En un comunicado difundido por redes sociales el padre Pedro escribi\u00f3 que \u201cal igual que el a\u00f1o pasado ante la inesperada llegada al pa\u00eds del Covid- 19 y en funci\u00f3n de evitar la propagaci\u00f3n del virus, nuestros Obispos nos dieron indicaciones de suspender toda actividad con presencia de fieles\u2026entonces nuestras celebraciones de la Semana Santa, tendr\u00e1n necesariamente un car\u00e1cter m\u00e1s \u00edntimo y familiar\u201d.<\/p>\n\n\n\n<p>Exhort\u00f3 a la poblaci\u00f3n \u201ca no caer en p\u00e1nico, sino a cuidarnos y a proteger nuestras familias, una vez m\u00e1s como lo hemos hecho en ocasiones diversas, que conservemos la armon\u00eda en medio de esta crisis por la que atraviesa Venezuela en esta nueva oleada del Covid 19, la cual nos exige actuar con mayor prudencia y responsabilidad\u201d.<\/p>\n\n\n\n<p>Desde la Web de Altagracia compartimos el programa y parte de las orientaciones parroquiales dadas por el padre Pedro, p\u00e1rroco de San Rafael de Orituco. Dicen lo siguiente:<\/p>\n\n\n\n<p>Desde el Viernes de Concilio hasta el Domingo de Resurrecci\u00f3n se utilizar\u00e1 la plataforma del Facebook Parroquia San Rafael Arc\u00e1ngel de Orituco y los Parlantes de la Iglesia para la&nbsp; trasmisi\u00f3n en vivo de la Semana Santa.<\/p>\n\n\n\n<p>Programa:<\/p>\n\n\n\n<p>Domingo de Ramos:<\/p>\n\n\n\n<p>28\/03<\/p>\n\n\n\n<p>10:00 am. Eucarist\u00eda y Bendici\u00f3n de los Ramos<\/p>\n\n\n\n<p>Lunes Santo:<\/p>\n\n\n\n<p>29\/03<\/p>\n\n\n\n<p>8:00 am Rezo de Laudes<\/p>\n\n\n\n<p>2:00 pm Catequesis y peregrinaci\u00f3n virtual en Tierra Santa<\/p>\n\n\n\n<p>3:00 pm Eucarist\u00eda<\/p>\n\n\n\n<p>Martes Santo:<\/p>\n\n\n\n<p>30\/03<\/p>\n\n\n\n<p>8:00 Rezo de Laudes<\/p>\n\n\n\n<p>2:00 pm Catequesis y peregrinaci\u00f3n virtual en Tierra Santa<\/p>\n\n\n\n<p>3:00 pm Eucarist\u00eda<\/p>\n\n\n\n<p>Mi\u00e9rcoles Santo:<\/p>\n\n\n\n<p>31\/03<\/p>\n\n\n\n<p>8:00 am Rezo de Laudes<\/p>\n\n\n\n<p>2:00 pm Catequesis y peregrinaci\u00f3n virtual en Tierra Santa<\/p>\n\n\n\n<p>3:00 pm Eucarist\u00eda<\/p>\n\n\n\n<p>Jueves Santo:<\/p>\n\n\n\n<p>01\/04<\/p>\n\n\n\n<p>Ambientar los hogares con el S\u00edmbolo de la Eucarist\u00eda<\/p>\n\n\n\n<p>8:00 am Rezo de Laudes y oraci\u00f3n por todos los sacerdotes<\/p>\n\n\n\n<p>8:00 pm Instituci\u00f3n de la Eucarist\u00eda<\/p>\n\n\n\n<p>Viernes Santo:<\/p>\n\n\n\n<p>02\/04<\/p>\n\n\n\n<p>Ambientar los hogares con lazos rojos y colocar visible la cruz<\/p>\n\n\n\n<p>3:00 pm Pasi\u00f3n de Jesucristo<\/p>\n\n\n\n<p>7:00 pm Viacrucis y enlace con el Papa Francisco desde la Plaza de San Pedro.<\/p>\n\n\n\n<p>S\u00e1bado Santo:<\/p>\n\n\n\n<p>03\/04<\/p>\n\n\n\n<p>Ambientar los hogares con lazos blancos y encender una vela a la hora de la eucarist\u00eda en la parroquia.<\/p>\n\n\n\n<p>8:00 am Rezo de Laudes y oraci\u00f3n ante el Santo Sepulcro<\/p>\n\n\n\n<p>2:00 pm Catequesis y peregrinaci\u00f3n virtual a Tierra Santa.<\/p>\n\n\n\n<p>8:00 pm Vigilia Pascual<\/p>\n\n\n\n<p>Aviso: seg\u00fan las indicaciones que recibamos la Bendici\u00f3n del Agua ser\u00e1 la semana de flexibilidad al celebrar al celebrar la Pascua de Resurrecci\u00f3n en las comunidades de nuestro pueblo.<\/p>\n\n\n\n<p>Domingo de Resurrecci\u00f3n:<\/p>\n\n\n\n<p>04\/04<\/p>\n\n\n\n<p>1:00 pm Eucarist\u00eda<\/p>\n\n\n\n<p>2:00 Catequesis y peregrinaci\u00f3n virtual a Tierra Santa.<\/p>\n\n\n\n<p>Feliz Pascua de Resurrecci\u00f3n<\/p>\n\n\n\n<figure class=\"wp-block-image size-large\"><img loading=\"lazy\" decoding=\"async\" width=\"812\" height=\"1024\" src=\"https:\/\/webdealta.info\/wp-content\/uploads\/2021\/03\/WhatsApp-Image-2021-03-26-at-9.17.51-AM-812x1024.jpeg\" alt=\"\" class=\"wp-image-1869\" srcset=\"https:\/\/webdealta.info\/wp-content\/uploads\/2021\/03\/WhatsApp-Image-2021-03-26-at-9.17.51-AM.jpeg 812w, https:\/\/webdealta.info\/wp-content\/uploads\/2021\/03\/WhatsApp-Image-2021-03-26-at-9.17.51-AM.jpeg 238w, https:\/\/webdealta.info\/wp-content\/uploads\/2021\/03\/WhatsApp-Image-2021-03-26-at-9.17.51-AM.jpeg 768w, https:\/\/webdealta.info\/wp-content\/uploads\/2021\/03\/WhatsApp-Image-2021-03-26-at-9.17.51-AM.jpeg 856w\" sizes=\"auto, (max-width: 640px) 100vw, 640px\" \/><\/figure>\n","protected":false},"excerpt":{"rendered":"<p>Amanda Saldivia.- El padre Pedro Ruiz, gu\u00eda espiritual de la parroquia San Rafael de Orituco, inform\u00f3 que a trav\u00e9s de parlantes y redes sociales ser\u00e1n transmitidas al eucarist\u00edas de Semana Santa en esa poblaci\u00f3n guarique\u00f1a, en virtud de la cuarentena radical. En un comunicado difundido por redes sociales el padre<\/p>\n","protected":false},"author":2,"featured_media":1870,"comment_status":"open","ping_status":"open","sticky":false,"template":"","format":"standard","meta":{"advanced_seo_description":"","jetpack_seo_html_title":"","jetpack_seo_noindex":false,"_jetpack_memberships_contains_paid_content":false,"footnotes":"","jetpack_publicize_message":"","jetpack_publicize_feature_enabled":true,"jetpack_social_post_already_shared":true,"jetpack_social_options":{"image_generator_settings":{"template":"highway","enabled":false},"version":2}},"categories":[202],"tags":[201,32],"class_list":["post-1868","post","type-post","status-publish","format-standard","has-post-thumbnail","hentry","category-semana-santa","tag-semanasanta2021","tag-webdealta",""],"jetpack_publicize_connections":[],"jetpack_featured_media_url":"https:\/\/webdealta.info\/wp-content\/uploads\/2021\/03\/Iglesia-de-San-Rafael-de-Orituco-Amanda-Saldivia-webdealta.jpeg","jetpack_sharing_enabled":true,"jetpack_likes_enabled":true,"jetpack-related-posts":[],"jetpack_shortlink":"https:\/\/wp.me\/pcseDn-u8","_links":{"self":[{"href":"https:\/\/webdealta.info\/index.php?rest_route=\/wp\/v2\/posts\/1868","targetHints":{"allow":["GET"]}}],"collection":[{"href":"https:\/\/webdealta.info\/index.php?rest_route=\/wp\/v2\/posts"}],"about":[{"href":"https:\/\/webdealta.info\/index.php?rest_route=\/wp\/v2\/types\/post"}],"author":[{"embeddable":true,"href":"https:\/\/webdealta.info\/index.php?rest_route=\/wp\/v2\/users\/2"}],"replies":[{"embeddable":true,"href":"https:\/\/webdealta.info\/index.php?rest_route=%2Fwp%2Fv2%2Fcomments&post=1868"}],"version-history":[{"count":1,"href":"https:\/\/webdealta.info\/index.php?rest_route=\/wp\/v2\/posts\/1868\/revisions"}],"predecessor-version":[{"id":1871,"href":"https:\/\/webdealta.info\/index.php?rest_route=\/wp\/v2\/posts\/1868\/revisions\/1871"}],"wp:featuredmedia":[{"embeddable":true,"href":"https:\/\/webdealta.info\/index.php?rest_route=\/wp\/v2\/media\/1870"}],"wp:attachment":[{"href":"https:\/\/webdealta.info\/index.php?rest_route=%2Fwp%2Fv2%2Fmedia&parent=1868"}],"wp:term":[{"taxonomy":"category","embeddable":true,"href":"https:\/\/webdealta.info\/index.php?rest_route=%2Fwp%2Fv2%2Fcategories&post=1868"},{"taxonomy":"post_tag","embeddable":true,"href":"https:\/\/webdealta.info\/index.php?rest_route=%2Fwp%2Fv2%2Ftags&post=1868"}],"curies":[{"name":"wp","href":"https:\/\/api.w.org\/{rel}","templated":true}]}}