{"id":1864,"date":"2021-03-25T21:29:15","date_gmt":"2021-03-26T01:29:15","guid":{"rendered":"https:\/\/webdealta.info\/?p=1864"},"modified":"2021-03-25T21:29:17","modified_gmt":"2021-03-26T01:29:17","slug":"iglesia-comparte-programacion-de-semana-santa-2021","status":"publish","type":"post","link":"https:\/\/webdealta.info\/?p=1864","title":{"rendered":"Iglesia comparte programaci\u00f3n de Semana Santa 2021"},"content":{"rendered":"\n<p>Amanda Saldivia.-<\/p>\n\n\n\n<p>Con la frase \u201cRenovemos el amor familiar en el templo de nuestro hogar\u201d las parroquias Nuestra Se\u00f1ora de Altagracia, San Jos\u00e9 Obrero y Nuestra Se\u00f1ora de los Dolores invitan a celebrar la Semana Santa en Altagracia de Orituco, Gu\u00e1rico, bajo las directrices de la Conferencia Episcopal Venezolana, instituci\u00f3n que llama a expresiones de fe vinculadas a la Pasi\u00f3n, Muerte y Resurrecci\u00f3n de Jesucristo, apegadas a las medidas de bioseguridad que se recomiendan para evitar el contagio de coronavirus.<\/p>\n\n\n\n<p>En un contacto con el programa Tiempo de Cambios por Guara\u00f1a 97.5 FM, en la tarde de este jueves 25 de marzo, el padre Santiago resalt\u00f3 la importancia de las emisoras locales, porque ser\u00e1n el soporte para que el mensaje llegue a las familias del municipio Monagas, a quienes invit\u00f3 a reunirse para participar en las eucar\u00edsticas que ser\u00e1n transmitidas.<\/p>\n\n\n\n<p>La Web de Altagracia comparte el programa de Semana Santa 2021, para que ustedes tengan los detalles de c\u00f3mo ser\u00e1 la celebraci\u00f3n en medio de las restricciones relacionadas a la cuarentena radical.<\/p>\n\n\n\n<p>PROGRAMA SEMANA&nbsp; SANTA 2021: \u201cRenovemos el amor familiar, en el templo de nuestro hogar\u201d<\/p>\n\n\n\n<p>Las parroquias Ntra. Sra. de Altagracia, San Jos\u00e9 Obrero y Ntra. Sra. de los Dolores, invitan a celebrar la Semana Santa considerando las siguientes actividades:<\/p>\n\n\n\n<p>1.&nbsp;&nbsp;&nbsp;&nbsp;&nbsp;&nbsp;&nbsp;&nbsp; Programa especial de Semana Santa: \u201cActiva el amor en tu hogar\u201d por Activa 104.9 fm los lunes, martes, jueves y viernes Santo a las 7:00 a. m.<\/p>\n\n\n\n<p>2.&nbsp;&nbsp;&nbsp;&nbsp;&nbsp;&nbsp;&nbsp;&nbsp; Un instante de contemplaci\u00f3n de las im\u00e1genes de los pasos dolorosos de Jesucristo, en los templos los lunes, martes, mi\u00e9rcoles, viernes y s\u00e1bado de 6:00 a. m a 2:00 p. m, para ello, se debe cumplir con las medidas de bioseguridad (no se tocar\u00e1n las im\u00e1genes).<\/p>\n\n\n\n<p>3.&nbsp;&nbsp;&nbsp;&nbsp;&nbsp;&nbsp;&nbsp;&nbsp; Celebraciones de las Eucarist\u00edas por las emisoras Activa 104.9 fm y Guara\u00f1a 97.5 fm con la siguiente programaci\u00f3n:<\/p>\n\n\n\n<p>\u2022 Domingo 28\/03\/2021 \u201cDomingo de Ramos\u201d&nbsp;<\/p>\n\n\n\n<p>&#8211; 9:00 a. m: Eucarist\u00eda y bendici\u00f3n de ramos por Activa 104.9 fm<\/p>\n\n\n\n<p>&#8211; Gesto Simb\u00f3lico: Poner&nbsp; los ramos benditos en la entrada de la casa siguiendo las orientaciones del sacerdote.<\/p>\n\n\n\n<p>\u2022 Lunes 29\/03\/2021 \u201cJes\u00fas atado a la Columna\u201d<\/p>\n\n\n\n<p>&#8211; 5:00 p. m: Eucarist\u00eda en transmisi\u00f3n conjunta por Activa 104.9 fm&nbsp; y Guara\u00f1a 97.5 fm<\/p>\n\n\n\n<p>&#8211; Gesto simb\u00f3lico: Dibujar o ambientar una columna con los anti-valores que atan al amor familiar.<\/p>\n\n\n\n<p>\u2022 Martes 30\/03\/2021 \u201cJes\u00fas Humildad y Paciencia. Gran Poder de Dios\u201d<\/p>\n\n\n\n<p>&#8211; 5:00 p. m: Eucarist\u00eda en transmisi\u00f3n conjunta por Activa 104.9 fm y Guara\u00f1a 97.5 fm<\/p>\n\n\n\n<p>&#8211; Gestos simb\u00f3licos: Realizar un acto de paciencia en la familia.<\/p>\n\n\n\n<p>\u2022 Mi\u00e9rcoles 31\/03\/2021 \u201cJes\u00fas el Nazareno\u201d<\/p>\n\n\n\n<p>&#8211; 7:00 a. m: Eucarist\u00eda transmitida por Activa 104.9 fm<\/p>\n\n\n\n<p>&#8211; 5:00 p. m: Eucarist\u00eda en transmisi\u00f3n conjunta por Activa 104.9 fm y Guara\u00f1a 97.5 fm<\/p>\n\n\n\n<p>&#8211; Gestos simb\u00f3licos: Acto de solidaridad en la familia.<\/p>\n\n\n\n<p>\u2022 Jueves 01\/04\/2021 \u201c\u00daltima Cena\u201d<\/p>\n\n\n\n<p>&#8211; 5:00 p. m: Eucarist\u00eda en transmisi\u00f3n conjunta por Activa 104.9 fm y Guara\u00f1a 97.5fm<\/p>\n\n\n\n<p>&#8211; Gestos simb\u00f3licos: Momento de compartir familiar.<\/p>\n\n\n\n<p>\u2022 Viernes 02\/04\/2021 \u201cConmemoraci\u00f3n de la muerte de Jesucristo\u201d<\/p>\n\n\n\n<p>&#8211; 5:00 p. m: Celebraci\u00f3n de la Cruz. Transmisi\u00f3n conjunta por Activa 104.9 fm y Guara\u00f1a 97.5 fm<\/p>\n\n\n\n<p>&#8211; Gesto Simb\u00f3lico: Adornar un crucifijo (cruz) y colocarlo en un lugar&nbsp; especial en la casa.<\/p>\n\n\n\n<p>\u2022 S\u00e1bado 03\/04\/2021 \u201cVigilia Pascual\u201d<\/p>\n\n\n\n<p>&#8211; 5:00 p. m: Eucarist\u00eda y bendici\u00f3n del agua. Transmisi\u00f3n conjunta por Activa 104.9 fm&nbsp; y Guara\u00f1a 97.5 fm<\/p>\n\n\n\n<p>&#8211; Gesto Simb\u00f3lico: Renovar la fe persign\u00e1ndose con agua bendita.<\/p>\n\n\n\n<p>\u2022 Domingo 04\/04\/2021&nbsp; \u00abDomingo de Resurrecci\u00f3n\u00bb<\/p>\n\n\n\n<p>&#8211; 9:00 a. m: Eucarist\u00eda por Activa 104.9 fm<\/p>\n\n\n\n<p><\/p>\n","protected":false},"excerpt":{"rendered":"<p>Amanda Saldivia.- Con la frase \u201cRenovemos el amor familiar en el templo de nuestro hogar\u201d las parroquias Nuestra Se\u00f1ora de Altagracia, San Jos\u00e9 Obrero y Nuestra Se\u00f1ora de los Dolores invitan a celebrar la Semana Santa en Altagracia de Orituco, Gu\u00e1rico, bajo las directrices de la Conferencia Episcopal Venezolana, instituci\u00f3n<\/p>\n","protected":false},"author":2,"featured_media":990,"comment_status":"open","ping_status":"open","sticky":false,"template":"","format":"standard","meta":{"advanced_seo_description":"","jetpack_seo_html_title":"","jetpack_seo_noindex":false,"_jetpack_memberships_contains_paid_content":false,"footnotes":"","jetpack_publicize_message":"","jetpack_publicize_feature_enabled":true,"jetpack_social_post_already_shared":true,"jetpack_social_options":{"image_generator_settings":{"template":"highway","enabled":false},"version":2}},"categories":[42],"tags":[8,200,32],"class_list":["post-1864","post","type-post","status-publish","format-standard","has-post-thumbnail","hentry","category-iglesia-catolica","tag-altagraciadeorituco","tag-semanasanta","tag-webdealta",""],"jetpack_publicize_connections":[],"jetpack_featured_media_url":"https:\/\/webdealta.info\/wp-content\/uploads\/2020\/12\/Iglesia-Nuestra-Senora-de-Altagracia-foto-webdealta.jpeg","jetpack_sharing_enabled":true,"jetpack_likes_enabled":true,"jetpack-related-posts":[],"jetpack_shortlink":"https:\/\/wp.me\/pcseDn-u4","_links":{"self":[{"href":"https:\/\/webdealta.info\/index.php?rest_route=\/wp\/v2\/posts\/1864","targetHints":{"allow":["GET"]}}],"collection":[{"href":"https:\/\/webdealta.info\/index.php?rest_route=\/wp\/v2\/posts"}],"about":[{"href":"https:\/\/webdealta.info\/index.php?rest_route=\/wp\/v2\/types\/post"}],"author":[{"embeddable":true,"href":"https:\/\/webdealta.info\/index.php?rest_route=\/wp\/v2\/users\/2"}],"replies":[{"embeddable":true,"href":"https:\/\/webdealta.info\/index.php?rest_route=%2Fwp%2Fv2%2Fcomments&post=1864"}],"version-history":[{"count":1,"href":"https:\/\/webdealta.info\/index.php?rest_route=\/wp\/v2\/posts\/1864\/revisions"}],"predecessor-version":[{"id":1865,"href":"https:\/\/webdealta.info\/index.php?rest_route=\/wp\/v2\/posts\/1864\/revisions\/1865"}],"wp:featuredmedia":[{"embeddable":true,"href":"https:\/\/webdealta.info\/index.php?rest_route=\/wp\/v2\/media\/990"}],"wp:attachment":[{"href":"https:\/\/webdealta.info\/index.php?rest_route=%2Fwp%2Fv2%2Fmedia&parent=1864"}],"wp:term":[{"taxonomy":"category","embeddable":true,"href":"https:\/\/webdealta.info\/index.php?rest_route=%2Fwp%2Fv2%2Fcategories&post=1864"},{"taxonomy":"post_tag","embeddable":true,"href":"https:\/\/webdealta.info\/index.php?rest_route=%2Fwp%2Fv2%2Ftags&post=1864"}],"curies":[{"name":"wp","href":"https:\/\/api.w.org\/{rel}","templated":true}]}}