{"id":1852,"date":"2021-03-24T12:33:57","date_gmt":"2021-03-24T16:33:57","guid":{"rendered":"https:\/\/webdealta.info\/?p=1852"},"modified":"2021-03-24T12:33:59","modified_gmt":"2021-03-24T16:33:59","slug":"cerrado-el-ipasme-ante-posibles-casos-de-covid-19","status":"publish","type":"post","link":"https:\/\/webdealta.info\/?p=1852","title":{"rendered":"Cerrado el Ipasme ante posibles casos de covid-19"},"content":{"rendered":"\n<p>Amanda Saldivia.-<\/p>\n\n\n\n<p>Fueron cerradas las instalaciones del Ipasme en Altagracia de Orituco, Gu\u00e1rico, ante los s\u00edntomas asociados al covid-19 que presentaron varios trabajadores de esa instituci\u00f3n, entre ellos m\u00e9dicos.<\/p>\n\n\n\n<p>En conversaci\u00f3n sostenida en la ma\u00f1ana de este mi\u00e9rcoles 24 de marzo con Arqu\u00edmedes Rangel, director del Ipasme-Altagracia, se\u00f1al\u00f3 que la medida se tom\u00f3 de manera preventiva ante los resultados positivos de las pruebas r\u00e1pidas practicadas a quienes presentaron s\u00edntomas y ahora esperan el resultado del an\u00e1lisis PCR.<\/p>\n\n\n\n<p>Aunque no precis\u00f3 el n\u00famero de trabajadores aparentemente contagiados, dijo que comenzaron el proceso de desinfecci\u00f3n como parte del protocolo establecido ante una situaci\u00f3n de sospecha de casos y cerraron la atenci\u00f3n al p\u00fablico mientras se confirman los diagn\u00f3sticos, a los fines de que la instituci\u00f3n no se convierta en un foco de transmisi\u00f3n del virus.<\/p>\n\n\n\n<p>Al preguntarle sobre el servicio del rayos X, \u00a0el cual es fundamental porque en el hospital Dr. Jos\u00e9 Francisco Torrealba no funciona esa \u00e1rea desde hace m\u00e1s de ocho a\u00f1os, precis\u00f3 que est\u00e1 paralizado por falta de reactivos qu\u00edmicos. Sin embargo, acot\u00f3 que est\u00e1n a la espera de esa dotaci\u00f3n y que adem\u00e1s pueda incorporarse como apoyo el equipo que est\u00e1 en el CDI El Diamante para bajar la demanda en el Ipasme.<\/p>\n\n\n\n<p>Arqu\u00edmedes Rangel dijo que el personal con s\u00edntomas asociados al covid-19 evoluciona satisfactoriamente y neg\u00f3 que el cierre del Ipasme sea por 15 d\u00edas, ya que la decisi\u00f3n depender\u00e1 del resultado confirmatorio o no de los casos.<\/p>\n\n\n\n<p>@amandasaldivia<\/p>\n\n\n\n<p><\/p>\n\n\n\n<p><\/p>\n","protected":false},"excerpt":{"rendered":"<p>Amanda Saldivia.- Fueron cerradas las instalaciones del Ipasme en Altagracia de Orituco, Gu\u00e1rico, ante los s\u00edntomas asociados al covid-19 que presentaron varios trabajadores de esa instituci\u00f3n, entre ellos m\u00e9dicos. En conversaci\u00f3n sostenida en la ma\u00f1ana de este mi\u00e9rcoles 24 de marzo con Arqu\u00edmedes Rangel, director del Ipasme-Altagracia, se\u00f1al\u00f3 que la<\/p>\n","protected":false},"author":2,"featured_media":1854,"comment_status":"open","ping_status":"open","sticky":false,"template":"","format":"standard","meta":{"advanced_seo_description":"","jetpack_seo_html_title":"","jetpack_seo_noindex":false,"_jetpack_memberships_contains_paid_content":false,"footnotes":"","jetpack_publicize_message":"","jetpack_publicize_feature_enabled":true,"jetpack_social_post_already_shared":true,"jetpack_social_options":{"image_generator_settings":{"template":"highway","enabled":false},"version":2}},"categories":[195],"tags":[8,11,32],"class_list":["post-1852","post","type-post","status-publish","format-standard","has-post-thumbnail","hentry","category-covid-19","tag-altagraciadeorituco","tag-covid19","tag-webdealta",""],"jetpack_publicize_connections":[],"jetpack_featured_media_url":"https:\/\/webdealta.info\/wp-content\/uploads\/2021\/03\/Ipasme-Altagracia-Webdealta-Amanda-Saldivia.jpg","jetpack_sharing_enabled":true,"jetpack_likes_enabled":true,"jetpack-related-posts":[],"jetpack_shortlink":"https:\/\/wp.me\/pcseDn-tS","_links":{"self":[{"href":"https:\/\/webdealta.info\/index.php?rest_route=\/wp\/v2\/posts\/1852","targetHints":{"allow":["GET"]}}],"collection":[{"href":"https:\/\/webdealta.info\/index.php?rest_route=\/wp\/v2\/posts"}],"about":[{"href":"https:\/\/webdealta.info\/index.php?rest_route=\/wp\/v2\/types\/post"}],"author":[{"embeddable":true,"href":"https:\/\/webdealta.info\/index.php?rest_route=\/wp\/v2\/users\/2"}],"replies":[{"embeddable":true,"href":"https:\/\/webdealta.info\/index.php?rest_route=%2Fwp%2Fv2%2Fcomments&post=1852"}],"version-history":[{"count":1,"href":"https:\/\/webdealta.info\/index.php?rest_route=\/wp\/v2\/posts\/1852\/revisions"}],"predecessor-version":[{"id":1855,"href":"https:\/\/webdealta.info\/index.php?rest_route=\/wp\/v2\/posts\/1852\/revisions\/1855"}],"wp:featuredmedia":[{"embeddable":true,"href":"https:\/\/webdealta.info\/index.php?rest_route=\/wp\/v2\/media\/1854"}],"wp:attachment":[{"href":"https:\/\/webdealta.info\/index.php?rest_route=%2Fwp%2Fv2%2Fmedia&parent=1852"}],"wp:term":[{"taxonomy":"category","embeddable":true,"href":"https:\/\/webdealta.info\/index.php?rest_route=%2Fwp%2Fv2%2Fcategories&post=1852"},{"taxonomy":"post_tag","embeddable":true,"href":"https:\/\/webdealta.info\/index.php?rest_route=%2Fwp%2Fv2%2Ftags&post=1852"}],"curies":[{"name":"wp","href":"https:\/\/api.w.org\/{rel}","templated":true}]}}