{"id":1833,"date":"2021-03-22T10:41:14","date_gmt":"2021-03-22T14:41:14","guid":{"rendered":"https:\/\/webdealta.info\/?p=1833"},"modified":"2021-03-22T10:41:20","modified_gmt":"2021-03-22T14:41:20","slug":"variante-brasilera-estaria-en-san-juan-de-los-morros","status":"publish","type":"post","link":"https:\/\/webdealta.info\/?p=1833","title":{"rendered":"Variante brasilera estar\u00eda en San Juan de los Morros"},"content":{"rendered":"\n<p>Amanda Saldivia.-<\/p>\n\n\n\n<p>En un mensaje radial transmitido en la ma\u00f1ana de este lunes 22 de marzo, el gobernador Jos\u00e9 V\u00e1squez, dijo que se presume que la variante brasilera estar\u00eda en el municipio Roscio, espec\u00edficamente en San Juan de los Morros, eso en virtud del incremento en el n\u00famero de casos confirmados y sospechosos de coronavirus.<\/p>\n\n\n\n<p>Agreg\u00f3 el mandatario regional que sostuvo, en la noche de este domingo, una videoconferencia con la vicepresidenta Delcy Rodr\u00edguez, con la finalidad de solicitar m\u00e1s estudios, los cuales ser\u00e1n realizados por el equipo del Instituto de Higiene Rafael Rangel, a los fines de tener certeza si el comportamiento que ha tenido el virus en San Juan de los Morros sea a causa de la cepa brasilera de covid-19.<\/p>\n\n\n\n<p>En el contacto radial llam\u00f3 a la poblaci\u00f3n a extremar las medidas de prevenci\u00f3n, entre ellas el uso obligatorio de tapabocas, distanciamiento y lavado frecuentes de manos, al tiempo que mencion\u00f3 la rehabilitaci\u00f3n del CDI de Altagracia de Orituco, en el cual est\u00e1n disponibles 14 camas para el tratamiento de pacientes con este padecimiento, entre otros Centros Diagn\u00f3sticos Integrales, recientemente reparados en esta entidad llanera.<\/p>\n\n\n\n<p>El gobernador Jos\u00e9 V\u00e1squez record\u00f3 que para evitar un mayor n\u00famero de contagios, durante estas dos semanas de cuarentena radical, los establecimientos priorizados pueden trabajar hasta las 2:00 pm, los restaurantes solo comida para llevar y ser\u00e1n activadas las alcabalas para tener mayor control de quienes ingresan al Gu\u00e1rico, adem\u00e1s de continuar con la vacunaci\u00f3n del personal de salud y la distribuci\u00f3n en cada municipio del antiviral carvativir.<\/p>\n\n\n\n<p>@amandasaldivia<\/p>\n\n\n\n<p><\/p>\n","protected":false},"excerpt":{"rendered":"<p>Amanda Saldivia.- En un mensaje radial transmitido en la ma\u00f1ana de este lunes 22 de marzo, el gobernador Jos\u00e9 V\u00e1squez, dijo que se presume que la variante brasilera estar\u00eda en el municipio Roscio, espec\u00edficamente en San Juan de los Morros, eso en virtud del incremento en el n\u00famero de casos<\/p>\n","protected":false},"author":2,"featured_media":1834,"comment_status":"open","ping_status":"open","sticky":false,"template":"","format":"standard","meta":{"advanced_seo_description":"","jetpack_seo_html_title":"","jetpack_seo_noindex":false,"_jetpack_memberships_contains_paid_content":false,"footnotes":"","jetpack_publicize_message":"","jetpack_publicize_feature_enabled":true,"jetpack_social_post_already_shared":true,"jetpack_social_options":{"image_generator_settings":{"template":"highway","enabled":false},"version":2}},"categories":[195],"tags":[8,137,32],"class_list":["post-1833","post","type-post","status-publish","format-standard","has-post-thumbnail","hentry","category-covid-19","tag-altagraciadeorituco","tag-covid-19","tag-webdealta",""],"jetpack_publicize_connections":[],"jetpack_featured_media_url":"https:\/\/webdealta.info\/wp-content\/uploads\/2021\/03\/Gobernador-jose-Vasquez-Webdealta.png","jetpack_sharing_enabled":true,"jetpack_likes_enabled":true,"jetpack-related-posts":[],"jetpack_shortlink":"https:\/\/wp.me\/pcseDn-tz","_links":{"self":[{"href":"https:\/\/webdealta.info\/index.php?rest_route=\/wp\/v2\/posts\/1833","targetHints":{"allow":["GET"]}}],"collection":[{"href":"https:\/\/webdealta.info\/index.php?rest_route=\/wp\/v2\/posts"}],"about":[{"href":"https:\/\/webdealta.info\/index.php?rest_route=\/wp\/v2\/types\/post"}],"author":[{"embeddable":true,"href":"https:\/\/webdealta.info\/index.php?rest_route=\/wp\/v2\/users\/2"}],"replies":[{"embeddable":true,"href":"https:\/\/webdealta.info\/index.php?rest_route=%2Fwp%2Fv2%2Fcomments&post=1833"}],"version-history":[{"count":1,"href":"https:\/\/webdealta.info\/index.php?rest_route=\/wp\/v2\/posts\/1833\/revisions"}],"predecessor-version":[{"id":1835,"href":"https:\/\/webdealta.info\/index.php?rest_route=\/wp\/v2\/posts\/1833\/revisions\/1835"}],"wp:featuredmedia":[{"embeddable":true,"href":"https:\/\/webdealta.info\/index.php?rest_route=\/wp\/v2\/media\/1834"}],"wp:attachment":[{"href":"https:\/\/webdealta.info\/index.php?rest_route=%2Fwp%2Fv2%2Fmedia&parent=1833"}],"wp:term":[{"taxonomy":"category","embeddable":true,"href":"https:\/\/webdealta.info\/index.php?rest_route=%2Fwp%2Fv2%2Fcategories&post=1833"},{"taxonomy":"post_tag","embeddable":true,"href":"https:\/\/webdealta.info\/index.php?rest_route=%2Fwp%2Fv2%2Ftags&post=1833"}],"curies":[{"name":"wp","href":"https:\/\/api.w.org\/{rel}","templated":true}]}}