{"id":1826,"date":"2021-03-21T19:22:53","date_gmt":"2021-03-21T23:22:53","guid":{"rendered":"https:\/\/webdealta.info\/?p=1826"},"modified":"2021-03-21T19:22:54","modified_gmt":"2021-03-21T23:22:54","slug":"variante-brasilera-de-covid-19-en-guarico","status":"publish","type":"post","link":"https:\/\/webdealta.info\/?p=1826","title":{"rendered":"Variante brasilera de covid-19 en Gu\u00e1rico"},"content":{"rendered":"\n<p>Amanda Saldivia.-<\/p>\n\n\n\n<p>El presidente Nicol\u00e1s Maduro anunci\u00f3 que comienzan dos semanas de cuarentena radical y\u00a0 mencion\u00f3 a Gu\u00e1rico como una de las entidades en las cuales ya est\u00e1 presente la variante brasilera de covid-19, adem\u00e1s de otras regiones pa\u00eds entre ellas Caracas, La Guaira, Miranda, Bol\u00edvar, Anzo\u00e1tegui y Monagas.<\/p>\n\n\n\n<p>Acompa\u00f1ado por la vicepresidenta de la Rep\u00fablica Delcy Rodr\u00edguez, dijo que esa \u201cvariante brasilera nos est\u00e1 forzando a ir al punto cero de 2020, no es juego\u2026estamos hablando con mucha seriedad y hoy tenemos m\u00e1s experiencia y mejores tratamientos\u2026estamos hablando de un coronavirus m\u00e1s peligroso\u201d.<\/p>\n\n\n\n<p>Hasta el momento se desconoce en qu\u00e9 municipio de esta entidad llanera est\u00e1 la variante brasilera y se espera que las autoridades informen cu\u00e1les ser\u00e1n las medidas que adoptar\u00e1n, producto de las dos semanas de cuarentena radical que fueron anunciadas en la tarde de este domingo por el presidente Nicol\u00e1s Maduro.<\/p>\n\n\n\n<p>@amandasaldivia<\/p>\n\n\n\n<p>Foto: cortes\u00eda VTV<\/p>\n\n\n\n<p><\/p>\n","protected":false},"excerpt":{"rendered":"<p>Amanda Saldivia.- El presidente Nicol\u00e1s Maduro anunci\u00f3 que comienzan dos semanas de cuarentena radical y\u00a0 mencion\u00f3 a Gu\u00e1rico como una de las entidades en las cuales ya est\u00e1 presente la variante brasilera de covid-19, adem\u00e1s de otras regiones pa\u00eds entre ellas Caracas, La Guaira, Miranda, Bol\u00edvar, Anzo\u00e1tegui y Monagas. Acompa\u00f1ado<\/p>\n","protected":false},"author":2,"featured_media":1827,"comment_status":"open","ping_status":"open","sticky":false,"template":"","format":"standard","meta":{"advanced_seo_description":"","jetpack_seo_html_title":"","jetpack_seo_noindex":false,"_jetpack_memberships_contains_paid_content":false,"footnotes":"","jetpack_publicize_message":"","jetpack_publicize_feature_enabled":true,"jetpack_social_post_already_shared":true,"jetpack_social_options":{"image_generator_settings":{"template":"highway","enabled":false},"version":2}},"categories":[121],"tags":[8,11,32],"class_list":["post-1826","post","type-post","status-publish","format-standard","has-post-thumbnail","hentry","category-cuarentena","tag-altagraciadeorituco","tag-covid19","tag-webdealta",""],"jetpack_publicize_connections":[],"jetpack_featured_media_url":"https:\/\/webdealta.info\/wp-content\/uploads\/2021\/03\/Nicolas-Maduro.jpg","jetpack_sharing_enabled":true,"jetpack_likes_enabled":true,"jetpack-related-posts":[],"jetpack_shortlink":"https:\/\/wp.me\/pcseDn-ts","_links":{"self":[{"href":"https:\/\/webdealta.info\/index.php?rest_route=\/wp\/v2\/posts\/1826","targetHints":{"allow":["GET"]}}],"collection":[{"href":"https:\/\/webdealta.info\/index.php?rest_route=\/wp\/v2\/posts"}],"about":[{"href":"https:\/\/webdealta.info\/index.php?rest_route=\/wp\/v2\/types\/post"}],"author":[{"embeddable":true,"href":"https:\/\/webdealta.info\/index.php?rest_route=\/wp\/v2\/users\/2"}],"replies":[{"embeddable":true,"href":"https:\/\/webdealta.info\/index.php?rest_route=%2Fwp%2Fv2%2Fcomments&post=1826"}],"version-history":[{"count":1,"href":"https:\/\/webdealta.info\/index.php?rest_route=\/wp\/v2\/posts\/1826\/revisions"}],"predecessor-version":[{"id":1828,"href":"https:\/\/webdealta.info\/index.php?rest_route=\/wp\/v2\/posts\/1826\/revisions\/1828"}],"wp:featuredmedia":[{"embeddable":true,"href":"https:\/\/webdealta.info\/index.php?rest_route=\/wp\/v2\/media\/1827"}],"wp:attachment":[{"href":"https:\/\/webdealta.info\/index.php?rest_route=%2Fwp%2Fv2%2Fmedia&parent=1826"}],"wp:term":[{"taxonomy":"category","embeddable":true,"href":"https:\/\/webdealta.info\/index.php?rest_route=%2Fwp%2Fv2%2Fcategories&post=1826"},{"taxonomy":"post_tag","embeddable":true,"href":"https:\/\/webdealta.info\/index.php?rest_route=%2Fwp%2Fv2%2Ftags&post=1826"}],"curies":[{"name":"wp","href":"https:\/\/api.w.org\/{rel}","templated":true}]}}