{"id":1775,"date":"2021-03-14T12:28:16","date_gmt":"2021-03-14T16:28:16","guid":{"rendered":"https:\/\/webdealta.info\/?p=1775"},"modified":"2021-03-14T12:28:20","modified_gmt":"2021-03-14T16:28:20","slug":"lezama-aporto-a-la-independencia-de-venezuela","status":"publish","type":"post","link":"https:\/\/webdealta.info\/?p=1775","title":{"rendered":"Lezama aport\u00f3 a la Independencia de Venezuela"},"content":{"rendered":"\n<h4 class=\"wp-block-heading\">Batalla de Lezama 14 de marzo de 1814<\/h4>\n\n\n\n<p>Fundasolez.-<\/p>\n\n\n\n<p>Hoy compartimos con quienes visitan este espacio digital, un resumen de la ponencia que fue expuesta por el Cronista de Altagracia de Orituco Carlos L\u00f3pez Garc\u00e9s&nbsp;en el IX Encuentro de Cronistas, Historiadores e Investigadores, celebrado en Ortiz, el s\u00e1bado 24-08-2013, alusiva a uno de los acontecimientos m\u00e1s importantes de la historia de Lezama, pueblo \u00e9ste que, en los \u00faltimos tiempos ha sido sometido a un \u201cproceso de olvido\u201d, a pesar de lo mucho que ha aportado al desarrollo de Venezuela, nuestro estado Gu\u00e1rico y al municipio Jos\u00e9 Tadeo Monagas. Somos los Lezamenses quienes no podemos permitir que Lezama siga en el abandono, ni tampoco su historia.<br><br>UN COMBATE EN ORITUCO DE 1814<br>\u201cSan Francisco Javier de Lezama es un pueblo que data de los tiempos de la hegemon\u00eda colonial espa\u00f1ola, con m\u00e1s de trescientos a\u00f1os de existencia; est\u00e1 ubicado en el extremo nor-oriental del estado Gu\u00e1rico, a orillas del r\u00edo Orituco, en cuya jurisdicci\u00f3n ocurri\u00f3 la llamada&nbsp;Batalla de Lezama&nbsp;durante la Guerra de Independencia y de la cual se cumplen -doscientos siete a\u00f1os este 14 de marzo de 2021-.<br>Pocas son las informaciones conocidas acerca de aquel conmovedor encuentro b\u00e9lico, que es de especial inter\u00e9s historiogr\u00e1fico para las localidades orituque\u00f1as; sin embargo, esas mismas noticias, aunque contienen ciertas contradicciones, son suficientes para&nbsp;&nbsp;concretar la posibilidad de un acercamiento a esa acci\u00f3n libertadora.<br>Las fuerzas realistas dirigidas aterradoramente por el general Jos\u00e9 Tom\u00e1s Boves, representadas&nbsp;&nbsp;en Orituco por el coronel Francisco Rosete, hab\u00eda motivado a los patriotas orituquenses para abandonar sus comunidades desde mediados de enero de 1814. El territorio orituque\u00f1o le sirvi\u00f3 a los bovistas como centro de operaciones, desde donde invadieron los valles del Tuy. No obstante, su organizaci\u00f3n era conocida por el ej\u00e9rcito de los independentistas orientales comandados por el general en jefe Santiago Mari\u00f1o, quien marchaba hacia el centro de Venezuela en auxilio de las tropas dirigidas por Sim\u00f3n Bol\u00edvar, que enfrentaban desventajosas a las de Boves.<br>Mari\u00f1o hab\u00eda dispuesto que el primer batall\u00f3n de l\u00ednea de Cuman\u00e1, con el escuadr\u00f3n n\u00famero 6, a las \u00f3rdenes del coronel Mayor General Juan Manuel Vald\u00e9s, le hiciera seguimiento cercano a las milicias enemigas, con el fin de procurar la liberaci\u00f3n de los pueblos de Orituco, lo que permiti\u00f3 avanzar hasta Lezama, donde, el 14 de marzo, combatieron exitosamente contra los defensores del rey que custodiaban los pueblos orituque\u00f1os. Las fuerzas republicanas habr\u00edan avanzado por el camino que enlazaba a Chaguaramas con Orituco; se enfrentaron a las defensas realistas a legua y media de Lezama, acaso en el sitio de San Andr\u00e9s o en sus cercan\u00edas; este lugar a\u00fan perdura y est\u00e1 ubicado justamente a esa distancia y al sur de aquel pueblo.<br>Las caracter\u00edsticas del terreno no permitieron formar la l\u00ednea de batalla; por&nbsp;&nbsp;esto fue escasa, pero suficiente, la cantidad de soldados patriotas, formada por algunos carabineros y la compa\u00f1\u00eda de granaderos, para derrotar en hora y media a los realistas, cuyas p\u00e9rdidas arrojaron un saldo de m\u00e1s de cien cad\u00e1veres en el lugar de combate, un gran n\u00famero de heridos, varios prisioneros, algunas armas, una caja de guerra y la fuga de los restantes.<br>No hay datos confiables acerca de supuestas bajas en el bando republicano;&nbsp;&nbsp;tampoco los hay sobre la identidad del jefe realista que comandaba las tropas derrotadas. Algunos mencionaron equivocadamente a Sebasti\u00e1n de la Calzada, porque, para el momento de la&nbsp;Batalla de Lezama, este realista ejecutaba el sitio de la ciudad de San Carlos, entre el 12 y el 17 de marzo de aquel a\u00f1o. Otros se\u00f1alaron a Francisco Rosete, lo cual est\u00e1 en duda, pues este personaje cumpl\u00eda la misi\u00f3n de atacar a los valles del Tuy, que le hab\u00eda asignado su m\u00e1ximo jefe, el general Jos\u00e9 Tom\u00e1s Boves.<\/p>\n\n\n\n<figure class=\"wp-block-image size-large\"><img loading=\"lazy\" decoding=\"async\" width=\"1024\" height=\"546\" src=\"https:\/\/webdealta.info\/wp-content\/uploads\/2021\/03\/Iglesia-de-Lezama-webdealta-1024x546.jpg\" alt=\"\" class=\"wp-image-1776\" srcset=\"https:\/\/webdealta.info\/wp-content\/uploads\/2021\/03\/Iglesia-de-Lezama-webdealta.jpg 1024w, https:\/\/webdealta.info\/wp-content\/uploads\/2021\/03\/Iglesia-de-Lezama-webdealta.jpg 300w, https:\/\/webdealta.info\/wp-content\/uploads\/2021\/03\/Iglesia-de-Lezama-webdealta.jpg 768w, https:\/\/webdealta.info\/wp-content\/uploads\/2021\/03\/Iglesia-de-Lezama-webdealta.jpg 1170w, https:\/\/webdealta.info\/wp-content\/uploads\/2021\/03\/Iglesia-de-Lezama-webdealta.jpg 1500w, https:\/\/webdealta.info\/wp-content\/uploads\/2021\/03\/Iglesia-de-Lezama-webdealta.jpg 1280w\" sizes=\"auto, (max-width: 640px) 100vw, 640px\" \/><\/figure>\n\n\n\n<p>La\u00a0Batalla de Lezama\u00a0habr\u00eda significado un triunfo alentador para las fuerzas patriotas en aquellos d\u00edas terribles de la Guerra a Muerte, cuando las tropas realistas comandadas por el general Jos\u00e9 Tom\u00e1s Boves dominaban sin piedad el escenario b\u00e9lico.\u00a0\u00a0El entusiasmo\u00a0causado por aquel triunfo fue de poca duraci\u00f3n, porque los partidarios del rey reconquistaron los pueblos de Orituco, motivados por la victoria de Boves en La Puerta, el 15 de junio de 1814.<br>Es pertinente decir que en este trabajo es utilizada la denominaci\u00f3n\u00a0Batalla de Lezama\u00a0porque as\u00ed est\u00e1 identificada esta acci\u00f3n militar en uno de los monolitos construidos en homenaje a los pr\u00f3ceres de la independencia venezolana, ubicados frente al Fuerte Tiuna, en Caracas. No obstante, debe aclararse que algunas personas prefieren hablar de\u00a0Combate de Lezama, quiz\u00e1s apelando a una diferencia sustantiva, seg\u00fan la cual lo acontecido entonces no fue una \u201cserie de combates\u201d, que por definici\u00f3n acad\u00e9mica es caracter\u00edstico de una batalla, am\u00e9n de otros factores, sino un combate solamente. Esta apreciaci\u00f3n parece tener fundamento, m\u00e1xime cuando, con fecha en Orituco del 20 de marzo de 1814, Ram\u00f3n Machado, Secretario de Guerra a la orden del patriota coronel Vald\u00e9s, escribi\u00f3 lo siguiente refiri\u00e9ndose a aquel suceso heroico: \u201cNo entraron en la acci\u00f3n por nuestra parte m\u00e1s que algunos carabineros y la compa\u00f1\u00eda de granaderos, por no permitir la localidad del terreno formar la l\u00ednea de batalla\u2026\u201d<\/p>\n\n\n\n<p>Texto: cortes\u00eda de Fundasolez<\/p>\n\n\n\n<p> <\/p>\n","protected":false},"excerpt":{"rendered":"<p>Batalla de Lezama 14 de marzo de 1814 Fundasolez.- Hoy compartimos con quienes visitan este espacio digital, un resumen de la ponencia que fue expuesta por el Cronista de Altagracia de Orituco Carlos L\u00f3pez Garc\u00e9s&nbsp;en el IX Encuentro de Cronistas, Historiadores e Investigadores, celebrado en Ortiz, el s\u00e1bado 24-08-2013, alusiva<\/p>\n","protected":false},"author":2,"featured_media":1777,"comment_status":"open","ping_status":"open","sticky":false,"template":"","format":"standard","meta":{"advanced_seo_description":"","jetpack_seo_html_title":"","jetpack_seo_noindex":false,"_jetpack_memberships_contains_paid_content":false,"footnotes":"","jetpack_publicize_message":"","jetpack_publicize_feature_enabled":true,"jetpack_social_post_already_shared":true,"jetpack_social_options":{"image_generator_settings":{"template":"highway","enabled":false},"version":2}},"categories":[179],"tags":[161,162,32],"class_list":["post-1775","post","type-post","status-publish","format-standard","has-post-thumbnail","hentry","category-historia-local","tag-fundasolez","tag-lezamadeorituco","tag-webdealta",""],"jetpack_publicize_connections":[],"jetpack_featured_media_url":"https:\/\/webdealta.info\/wp-content\/uploads\/2021\/03\/webdealta.jpg","jetpack_sharing_enabled":true,"jetpack_likes_enabled":true,"jetpack-related-posts":[],"jetpack_shortlink":"https:\/\/wp.me\/pcseDn-sD","_links":{"self":[{"href":"https:\/\/webdealta.info\/index.php?rest_route=\/wp\/v2\/posts\/1775","targetHints":{"allow":["GET"]}}],"collection":[{"href":"https:\/\/webdealta.info\/index.php?rest_route=\/wp\/v2\/posts"}],"about":[{"href":"https:\/\/webdealta.info\/index.php?rest_route=\/wp\/v2\/types\/post"}],"author":[{"embeddable":true,"href":"https:\/\/webdealta.info\/index.php?rest_route=\/wp\/v2\/users\/2"}],"replies":[{"embeddable":true,"href":"https:\/\/webdealta.info\/index.php?rest_route=%2Fwp%2Fv2%2Fcomments&post=1775"}],"version-history":[{"count":1,"href":"https:\/\/webdealta.info\/index.php?rest_route=\/wp\/v2\/posts\/1775\/revisions"}],"predecessor-version":[{"id":1778,"href":"https:\/\/webdealta.info\/index.php?rest_route=\/wp\/v2\/posts\/1775\/revisions\/1778"}],"wp:featuredmedia":[{"embeddable":true,"href":"https:\/\/webdealta.info\/index.php?rest_route=\/wp\/v2\/media\/1777"}],"wp:attachment":[{"href":"https:\/\/webdealta.info\/index.php?rest_route=%2Fwp%2Fv2%2Fmedia&parent=1775"}],"wp:term":[{"taxonomy":"category","embeddable":true,"href":"https:\/\/webdealta.info\/index.php?rest_route=%2Fwp%2Fv2%2Fcategories&post=1775"},{"taxonomy":"post_tag","embeddable":true,"href":"https:\/\/webdealta.info\/index.php?rest_route=%2Fwp%2Fv2%2Ftags&post=1775"}],"curies":[{"name":"wp","href":"https:\/\/api.w.org\/{rel}","templated":true}]}}