{"id":1759,"date":"2021-03-13T18:04:19","date_gmt":"2021-03-13T22:04:19","guid":{"rendered":"https:\/\/webdealta.info\/?p=1759"},"modified":"2021-03-13T18:06:03","modified_gmt":"2021-03-13T22:06:03","slug":"reabren-instalaciones-cdi-el-diamante","status":"publish","type":"post","link":"https:\/\/webdealta.info\/?p=1759","title":{"rendered":"Reabren instalaciones del CDI El Diamante"},"content":{"rendered":"\n<p>Amanda Saldivia.-<\/p>\n\n\n\n<p>Ultiman los detalles para que el gobernador Jos\u00e9 V\u00e1squez reabra este domingo 14 de marzo el CDI Ricardo Isidro Bernal Ramos, ubicado en la urbanizaci\u00f3n El Diamante de Altagracia de Orituco, Gu\u00e1rico, cuyas instalaciones fueron rehabilitadas con recursos provenientes del ejecutivo regional.<\/p>\n\n\n\n<p>El equipo de la Web de Altagracia recorri\u00f3 el CDI en la ma\u00f1ana de este s\u00e1bado, acompa\u00f1ados por el Dr. Arqu\u00edmedes M\u00e1rquez, autoridad \u00fanica de salud del municipio Monagas, quien adelant\u00f3 algunos aspectos relacionados al servicio que prestar\u00e1 a la comunidad, entre ellos que funcionar\u00e1 el \u00e1rea para el tratamiento de los pacientes con posible covid-19, as\u00ed como tambi\u00e9n rayos X, ecograf\u00eda, oftalmolog\u00eda, gastroenterolog\u00eda, laboratorio, nebulizaci\u00f3n, consulta general, vacunaci\u00f3n y atenci\u00f3n de emergencias.<\/p>\n\n\n\n<p>Agreg\u00f3 que las instalaciones fueron totalmente recuperadas, incluido el sistema de aires acondicionados, adem\u00e1s de dotaci\u00f3n de equipos e insumos, a los fines de mejorar la atenci\u00f3n a la comunidad.<\/p>\n\n\n\n<p>El Dr. M\u00e1rquez se\u00f1al\u00f3 que los detalles ser\u00e1n ampliados por el gobernador Jos\u00e9 V\u00e1squez, quien tiene previsto reabrir las instalaciones este domingo, para dar por culminados los trabajos de rehabilitaci\u00f3n y proceder con las mejoras ya presupuestadas para la emergencia del hospital Dr. Jos\u00e9 Francisco Torrealba, las cuales ser\u00e1n ejecutadas por la misma empresa.<\/p>\n\n\n\n<p>El CDI fue inicialmente el ambulatorio de la comunidad de El Diamante y fue construido durante el \u00faltimo mandato del presidente Rafael Caldera e inaugurado con la presencia del gracitano Dr. Rodrigo Infante Marrero, quien era viceministro de salud de la \u00e9poca. Posteriormente fueron ampliadas en los gobiernos de Eduardo Manuitt, William Lara y ahora rehabilitadas con recursos del ejecutivo regional a cargo del mandatario Jos\u00e9 V\u00e1squez.<\/p>\n\n\n\n<p>@amandasaldivia<\/p>\n\n\n\n<figure class=\"wp-block-image size-large\"><img loading=\"lazy\" decoding=\"async\" width=\"1024\" height=\"546\" src=\"https:\/\/webdealta.info\/wp-content\/uploads\/2021\/03\/CDI-El-Diamante-webdealta-1-1024x546.jpeg\" alt=\"\" class=\"wp-image-1761\" srcset=\"https:\/\/webdealta.info\/wp-content\/uploads\/2021\/03\/CDI-El-Diamante-webdealta-1.jpeg 1024w, https:\/\/webdealta.info\/wp-content\/uploads\/2021\/03\/CDI-El-Diamante-webdealta-1.jpeg 300w, https:\/\/webdealta.info\/wp-content\/uploads\/2021\/03\/CDI-El-Diamante-webdealta-1.jpeg 768w, https:\/\/webdealta.info\/wp-content\/uploads\/2021\/03\/CDI-El-Diamante-webdealta-1.jpeg 1170w, https:\/\/webdealta.info\/wp-content\/uploads\/2021\/03\/CDI-El-Diamante-webdealta-1.jpeg 1500w, https:\/\/webdealta.info\/wp-content\/uploads\/2021\/03\/CDI-El-Diamante-webdealta-1.jpeg 1280w\" sizes=\"auto, (max-width: 640px) 100vw, 640px\" \/><figcaption>\u00c1rea de hospitalizaci\u00f3n del CDI<\/figcaption><\/figure>\n\n\n\n<p><\/p>\n","protected":false},"excerpt":{"rendered":"<p>Amanda Saldivia.- Ultiman los detalles para que el gobernador Jos\u00e9 V\u00e1squez reabra este domingo 14 de marzo el CDI Ricardo Isidro Bernal Ramos, ubicado en la urbanizaci\u00f3n El Diamante de Altagracia de Orituco, Gu\u00e1rico, cuyas instalaciones fueron rehabilitadas con recursos provenientes del ejecutivo regional. El equipo de la Web de<\/p>\n","protected":false},"author":2,"featured_media":1760,"comment_status":"open","ping_status":"open","sticky":false,"template":"","format":"standard","meta":{"advanced_seo_description":"","jetpack_seo_html_title":"","jetpack_seo_noindex":false,"_jetpack_memberships_contains_paid_content":false,"footnotes":"","jetpack_publicize_message":"","jetpack_publicize_feature_enabled":true,"jetpack_social_post_already_shared":true,"jetpack_social_options":{"image_generator_settings":{"template":"highway","enabled":false},"version":2}},"categories":[12],"tags":[8,192,32],"class_list":["post-1759","post","type-post","status-publish","format-standard","has-post-thumbnail","hentry","category-salud","tag-altagraciadeorituco","tag-cdi","tag-webdealta",""],"jetpack_publicize_connections":[],"jetpack_featured_media_url":"https:\/\/webdealta.info\/wp-content\/uploads\/2021\/03\/CDI-El-Diamante-WebdeAlta.jpeg","jetpack_sharing_enabled":true,"jetpack_likes_enabled":true,"jetpack-related-posts":[],"jetpack_shortlink":"https:\/\/wp.me\/pcseDn-sn","_links":{"self":[{"href":"https:\/\/webdealta.info\/index.php?rest_route=\/wp\/v2\/posts\/1759","targetHints":{"allow":["GET"]}}],"collection":[{"href":"https:\/\/webdealta.info\/index.php?rest_route=\/wp\/v2\/posts"}],"about":[{"href":"https:\/\/webdealta.info\/index.php?rest_route=\/wp\/v2\/types\/post"}],"author":[{"embeddable":true,"href":"https:\/\/webdealta.info\/index.php?rest_route=\/wp\/v2\/users\/2"}],"replies":[{"embeddable":true,"href":"https:\/\/webdealta.info\/index.php?rest_route=%2Fwp%2Fv2%2Fcomments&post=1759"}],"version-history":[{"count":2,"href":"https:\/\/webdealta.info\/index.php?rest_route=\/wp\/v2\/posts\/1759\/revisions"}],"predecessor-version":[{"id":1763,"href":"https:\/\/webdealta.info\/index.php?rest_route=\/wp\/v2\/posts\/1759\/revisions\/1763"}],"wp:featuredmedia":[{"embeddable":true,"href":"https:\/\/webdealta.info\/index.php?rest_route=\/wp\/v2\/media\/1760"}],"wp:attachment":[{"href":"https:\/\/webdealta.info\/index.php?rest_route=%2Fwp%2Fv2%2Fmedia&parent=1759"}],"wp:term":[{"taxonomy":"category","embeddable":true,"href":"https:\/\/webdealta.info\/index.php?rest_route=%2Fwp%2Fv2%2Fcategories&post=1759"},{"taxonomy":"post_tag","embeddable":true,"href":"https:\/\/webdealta.info\/index.php?rest_route=%2Fwp%2Fv2%2Ftags&post=1759"}],"curies":[{"name":"wp","href":"https:\/\/api.w.org\/{rel}","templated":true}]}}