{"id":1745,"date":"2021-03-11T17:56:38","date_gmt":"2021-03-11T21:56:38","guid":{"rendered":"https:\/\/webdealta.info\/?p=1745"},"modified":"2021-03-11T17:56:40","modified_gmt":"2021-03-11T21:56:40","slug":"repunte-de-covid-19-a-un-ano-de-la-declaracion-de-pandemia","status":"publish","type":"post","link":"https:\/\/webdealta.info\/?p=1745","title":{"rendered":"Repunte de covid-19 a un a\u00f1o de la declaraci\u00f3n de pandemia"},"content":{"rendered":"\n<p>Amanda Saldivia.-<\/p>\n\n\n\n<p>Hace un a\u00f1o, el 11 de marzo de 2020, la Organizaci\u00f3n Mundial de la Salud declar\u00f3 que el virus covid-19 estaba extendido en 114 pa\u00edses y hab\u00eda ocasionado la muerte a 4.291 personas, lo que llev\u00f3 a la declaraci\u00f3n de pandemia que fue el punto de partida para una experiencia que ha tra\u00eddo como consecuencia el deceso de m\u00e1s de 2 millones de habitantes y un impacto en el modo de vida, con cambios en \u00e1mbitos, restricciones y p\u00e9rdidas econ\u00f3micas incalculables.<\/p>\n\n\n\n<p>En nuestro pa\u00eds las medidas comenzaron el lunes 16 de marzo en siete regiones y al d\u00eda siguiente se extendi\u00f3 a todo el territorio, con paralizaci\u00f3n de vuelos, clases, cierre de fronteras, comercios y l\u00edmites en el tr\u00e1nsito, entre otras acciones adoptadas por el gobierno tras anunciar el primer caso positivo el viernes 13 de marzo.<\/p>\n\n\n\n<p>Al cumplirse un a\u00f1o de la declaraci\u00f3n de pandemia, Venezuela reporta de manera oficial que el total de contagios es de 143.796, de los cuales han fallecido 1.407 personas, est\u00e1n recuperados 135.869 y hay 6.520 casos activos, datos aportados en la noche de este 10 de marzo por la vicepresidenta Delcy Rodr\u00edguez, v\u00eda Twitter.<\/p>\n\n\n\n<p>Desde que comenz\u00f3 la pandemia las cifras oficiales no compaginan con lo que reportan familiares de pacientes. En el municipio Monagas, el \u00faltimo reporte oficial al cual se tuvo acceso especificaba que el n\u00famero de contagios era de 57 y un fallecido. Sin embargo, de manera extraoficial la cifra da cuenta de m\u00e1s de 40 decesos por complicaciones asociadas al covid-19, a partir de julio de 2020.<\/p>\n\n\n\n<p>Fuentes en Altagracia aseguran que hay un repunte de contagios, que ya ha cobrado la vida de tres personas este mes de marzo, mientras que en la sala de aislamiento del hospital Dr. Jos\u00e9 Francisco Torrealba est\u00e1n recluidos cinco pacientes que presentan cuadros asociados al covid, hubo traslados a San Juan de los Morros de los m\u00e1s delicados y m\u00e1s de 20 reciben tratamiento en casa.<\/p>\n\n\n\n<p>@amandasaldivia<\/p>\n\n\n\n<p><\/p>\n","protected":false},"excerpt":{"rendered":"<p>Amanda Saldivia.- Hace un a\u00f1o, el 11 de marzo de 2020, la Organizaci\u00f3n Mundial de la Salud declar\u00f3 que el virus covid-19 estaba extendido en 114 pa\u00edses y hab\u00eda ocasionado la muerte a 4.291 personas, lo que llev\u00f3 a la declaraci\u00f3n de pandemia que fue el punto de partida para<\/p>\n","protected":false},"author":2,"featured_media":1746,"comment_status":"open","ping_status":"open","sticky":false,"template":"","format":"standard","meta":{"advanced_seo_description":"","jetpack_seo_html_title":"","jetpack_seo_noindex":false,"_jetpack_memberships_contains_paid_content":false,"footnotes":"","jetpack_publicize_message":"","jetpack_publicize_feature_enabled":true,"jetpack_social_post_already_shared":true,"jetpack_social_options":{"image_generator_settings":{"template":"highway","enabled":false},"version":2}},"categories":[12],"tags":[8,137,32],"class_list":["post-1745","post","type-post","status-publish","format-standard","has-post-thumbnail","hentry","category-salud","tag-altagraciadeorituco","tag-covid-19","tag-webdealta",""],"jetpack_publicize_connections":[],"jetpack_featured_media_url":"https:\/\/webdealta.info\/wp-content\/uploads\/2021\/03\/webdealta-pandemia.png","jetpack_sharing_enabled":true,"jetpack_likes_enabled":true,"jetpack-related-posts":[],"jetpack_shortlink":"https:\/\/wp.me\/pcseDn-s9","_links":{"self":[{"href":"https:\/\/webdealta.info\/index.php?rest_route=\/wp\/v2\/posts\/1745","targetHints":{"allow":["GET"]}}],"collection":[{"href":"https:\/\/webdealta.info\/index.php?rest_route=\/wp\/v2\/posts"}],"about":[{"href":"https:\/\/webdealta.info\/index.php?rest_route=\/wp\/v2\/types\/post"}],"author":[{"embeddable":true,"href":"https:\/\/webdealta.info\/index.php?rest_route=\/wp\/v2\/users\/2"}],"replies":[{"embeddable":true,"href":"https:\/\/webdealta.info\/index.php?rest_route=%2Fwp%2Fv2%2Fcomments&post=1745"}],"version-history":[{"count":1,"href":"https:\/\/webdealta.info\/index.php?rest_route=\/wp\/v2\/posts\/1745\/revisions"}],"predecessor-version":[{"id":1747,"href":"https:\/\/webdealta.info\/index.php?rest_route=\/wp\/v2\/posts\/1745\/revisions\/1747"}],"wp:featuredmedia":[{"embeddable":true,"href":"https:\/\/webdealta.info\/index.php?rest_route=\/wp\/v2\/media\/1746"}],"wp:attachment":[{"href":"https:\/\/webdealta.info\/index.php?rest_route=%2Fwp%2Fv2%2Fmedia&parent=1745"}],"wp:term":[{"taxonomy":"category","embeddable":true,"href":"https:\/\/webdealta.info\/index.php?rest_route=%2Fwp%2Fv2%2Fcategories&post=1745"},{"taxonomy":"post_tag","embeddable":true,"href":"https:\/\/webdealta.info\/index.php?rest_route=%2Fwp%2Fv2%2Ftags&post=1745"}],"curies":[{"name":"wp","href":"https:\/\/api.w.org\/{rel}","templated":true}]}}