{"id":1730,"date":"2021-03-10T13:45:08","date_gmt":"2021-03-10T17:45:08","guid":{"rendered":"https:\/\/webdealta.info\/?p=1730"},"modified":"2021-03-10T13:45:14","modified_gmt":"2021-03-10T17:45:14","slug":"fundasolez-entrego-donativo-al-ambulatorio","status":"publish","type":"post","link":"https:\/\/webdealta.info\/?p=1730","title":{"rendered":"Fundasolez entreg\u00f3 donativo al Ambulatorio"},"content":{"rendered":"\n<p>Amanda Saldivia.-<\/p>\n\n\n\n<p>En el municipio Monagas, Gu\u00e1rico, se multiplican las iniciativas ciudadanas ante las deficiencias de algunos servicios, entre ellos el de salud, que aunque se caracteriza por la m\u00edstica de trabajo del personal, no cuentan con insumos para la atenci\u00f3n de pacientes.<\/p>\n\n\n\n<p>Esa fue la motivaci\u00f3n de los integrantes de Fundasolez, Fundaci\u00f3n Solidarios con Lezama, quienes se trasladaron este 10 de marzo, D\u00eda del M\u00e9dico, hasta el ambulatorio Sim\u00f3n P\u00e9rez P\u00e9rez ubicado en Acapral, para hacer entrega de jeringas que ser\u00e1n utilizadas en los diferentes servicios, entre ellos control prenatal y vacunaci\u00f3n.<\/p>\n\n\n\n<p>De acuerdo a lo expresado por Gabriel Ybarra, Luis Fern\u00e1ndez y Miguel Ramos Rubio, el donativo fue posible gracias al aporte de ciudadanos lezamenses que est\u00e1n sensibilizados con los problemas m\u00e1s sentidos que tiene la comunidad y buscan canalizar la ayuda por medio de Fundasolez.<\/p>\n\n\n\n<p>Asimismo se\u00f1alaron que para el s\u00e1bado 13 de marzo tienen previsto el mantenimiento a los aires acondicionados y otros equipos del ambulatorio, como parte de las acciones que acordaron como miembros de esa fundaci\u00f3n.<\/p>\n\n\n\n<p>Por \u00faltimo felicitaron especialmente a la doctora Marielys Ram\u00edrez, por ser D\u00eda de M\u00e9dico, y destacaron la labor de las enfermeras Elys Delgadillo, C\u00e1ndida Flores, Mar\u00eda Mosqueda, Nelly \u00c1lvarez y la ambientalista Ana Ram\u00edrez.<\/p>\n\n\n\n<figure class=\"wp-block-image size-large\"><img loading=\"lazy\" decoding=\"async\" width=\"1024\" height=\"546\" src=\"https:\/\/webdealta.info\/wp-content\/uploads\/2021\/03\/Miembros-de-Fundasolez-webdealta-1024x546.jpg\" alt=\"\" class=\"wp-image-1732\" srcset=\"https:\/\/webdealta.info\/wp-content\/uploads\/2021\/03\/Miembros-de-Fundasolez-webdealta.jpg 1024w, https:\/\/webdealta.info\/wp-content\/uploads\/2021\/03\/Miembros-de-Fundasolez-webdealta.jpg 300w, https:\/\/webdealta.info\/wp-content\/uploads\/2021\/03\/Miembros-de-Fundasolez-webdealta.jpg 768w, https:\/\/webdealta.info\/wp-content\/uploads\/2021\/03\/Miembros-de-Fundasolez-webdealta.jpg 1170w, https:\/\/webdealta.info\/wp-content\/uploads\/2021\/03\/Miembros-de-Fundasolez-webdealta.jpg 1500w, https:\/\/webdealta.info\/wp-content\/uploads\/2021\/03\/Miembros-de-Fundasolez-webdealta.jpg 1280w\" sizes=\"auto, (max-width: 640px) 100vw, 640px\" \/><figcaption>Momento de la entrega del donativo este 10 de marzo de 2021<\/figcaption><\/figure>\n\n\n\n<p>@amandasaldivia<\/p>\n\n\n\n<p><\/p>\n","protected":false},"excerpt":{"rendered":"<p>Amanda Saldivia.- En el municipio Monagas, Gu\u00e1rico, se multiplican las iniciativas ciudadanas ante las deficiencias de algunos servicios, entre ellos el de salud, que aunque se caracteriza por la m\u00edstica de trabajo del personal, no cuentan con insumos para la atenci\u00f3n de pacientes. Esa fue la motivaci\u00f3n de los integrantes<\/p>\n","protected":false},"author":2,"featured_media":1731,"comment_status":"open","ping_status":"open","sticky":false,"template":"","format":"standard","meta":{"advanced_seo_description":"","jetpack_seo_html_title":"","jetpack_seo_noindex":false,"_jetpack_memberships_contains_paid_content":false,"footnotes":"","jetpack_publicize_message":"","jetpack_publicize_feature_enabled":true,"jetpack_social_post_already_shared":true,"jetpack_social_options":{"image_generator_settings":{"template":"highway","enabled":false},"version":2}},"categories":[50],"tags":[161,37,32],"class_list":["post-1730","post","type-post","status-publish","format-standard","has-post-thumbnail","hentry","category-iniciativas-ciudadanas","tag-fundasolez","tag-lezama","tag-webdealta",""],"jetpack_publicize_connections":[],"jetpack_featured_media_url":"https:\/\/webdealta.info\/wp-content\/uploads\/2021\/03\/Ambolatorio-Simon-Perez-de-Acapral-webdealta.jpg","jetpack_sharing_enabled":true,"jetpack_likes_enabled":true,"jetpack-related-posts":[],"jetpack_shortlink":"https:\/\/wp.me\/pcseDn-rU","_links":{"self":[{"href":"https:\/\/webdealta.info\/index.php?rest_route=\/wp\/v2\/posts\/1730","targetHints":{"allow":["GET"]}}],"collection":[{"href":"https:\/\/webdealta.info\/index.php?rest_route=\/wp\/v2\/posts"}],"about":[{"href":"https:\/\/webdealta.info\/index.php?rest_route=\/wp\/v2\/types\/post"}],"author":[{"embeddable":true,"href":"https:\/\/webdealta.info\/index.php?rest_route=\/wp\/v2\/users\/2"}],"replies":[{"embeddable":true,"href":"https:\/\/webdealta.info\/index.php?rest_route=%2Fwp%2Fv2%2Fcomments&post=1730"}],"version-history":[{"count":1,"href":"https:\/\/webdealta.info\/index.php?rest_route=\/wp\/v2\/posts\/1730\/revisions"}],"predecessor-version":[{"id":1733,"href":"https:\/\/webdealta.info\/index.php?rest_route=\/wp\/v2\/posts\/1730\/revisions\/1733"}],"wp:featuredmedia":[{"embeddable":true,"href":"https:\/\/webdealta.info\/index.php?rest_route=\/wp\/v2\/media\/1731"}],"wp:attachment":[{"href":"https:\/\/webdealta.info\/index.php?rest_route=%2Fwp%2Fv2%2Fmedia&parent=1730"}],"wp:term":[{"taxonomy":"category","embeddable":true,"href":"https:\/\/webdealta.info\/index.php?rest_route=%2Fwp%2Fv2%2Fcategories&post=1730"},{"taxonomy":"post_tag","embeddable":true,"href":"https:\/\/webdealta.info\/index.php?rest_route=%2Fwp%2Fv2%2Ftags&post=1730"}],"curies":[{"name":"wp","href":"https:\/\/api.w.org\/{rel}","templated":true}]}}